{"id":22264,"date":"2021-01-10T10:21:59","date_gmt":"2021-01-10T16:21:59","guid":{"rendered":"https:\/\/www.zonaroja.com.mx\/?p=22264"},"modified":"2021-01-10T10:23:39","modified_gmt":"2021-01-10T16:23:39","slug":"otra-masacre-en-soyaltepec-ahora-matan-a-una-mujer-y-a-un-hombre","status":"publish","type":"post","link":"https:\/\/zonaroja.com.mx\/?p=22264","title":{"rendered":"Otra masacre en Soyaltepec, ahora matan a una mujer y a un hombre"},"content":{"rendered":"\n<p>Redacci\u00f3n\/Zona Roja.<\/p>\n\n\n\n<p>Oaxaca de Ju\u00e1rez, Oax., 10 de enero de 2021.- A tres d\u00edas de la masacre de cuatro j\u00f3venes en el municipio de San Miguel Soyaltepec, este domingo fueron asesinadas otras dos personas, un hombre y una mujer. <\/p>\n\n\n\n<p>Los cuerpos fueron hallados sobre la carretera La Granja-Temascal, en los l\u00edmites de Oaxaca con Veracruz, a la altura de la colonia Ra\u00fal Sandoval. <\/p>\n\n\n\n<p>Presentan disparos de arma de fuego, al parecer de grueso calibre, as\u00ed como huellas de tortura; a un costado les colocaron cartulinas con mensajes amenazantes. <\/p>\n\n\n\n<p>Hasta el momento las v\u00edctimas no han sido identificadas de manera formal y seg\u00fan los primeros datos de personal de la Agencia Estatal de Investigaciones (AEI), podr\u00edan estar relacionados con la masacre de cuatro j\u00f3venes registradas la noche del jueves. <\/p>\n\n\n\n<p>Por ambos casos hasta el momento la Fiscal\u00eda General del Estado no ha detenido a ninguna persona. <\/p>\n","protected":false},"excerpt":{"rendered":"<p>Redacci\u00f3n\/Zona Roja. Oaxaca de Ju\u00e1rez, Oax., 10 de enero de 2021.- A tres d\u00edas de&hellip;<\/p>\n","protected":false},"author":2,"featured_media":22263,"comment_status":"closed","ping_status":"open","sticky":false,"template":"","format":"standard","meta":{"_lmt_disableupdate":"","_lmt_disable":"","_jetpack_memberships_contains_paid_content":false,"footnotes":""},"categories":[109,51],"tags":[1037],"class_list":["post-22264","post","type-post","status-publish","format-standard","has-post-thumbnail","hentry","category-minuto-a-minuto","category-zona-roja","tag-san-miguel-soyaltepec"],"jetpack_featured_media_url":"https:\/\/zonaroja.com.mx\/wp-content\/uploads\/2021\/01\/6e2f0f0a-ce2a-4317-ba0c-3df432999823.jpg","jetpack_sharing_enabled":true,"_links":{"self":[{"href":"https:\/\/zonaroja.com.mx\/index.php?rest_route=\/wp\/v2\/posts\/22264","targetHints":{"allow":["GET"]}}],"collection":[{"href":"https:\/\/zonaroja.com.mx\/index.php?rest_route=\/wp\/v2\/posts"}],"about":[{"href":"https:\/\/zonaroja.com.mx\/index.php?rest_route=\/wp\/v2\/types\/post"}],"author":[{"embeddable":true,"href":"https:\/\/zonaroja.com.mx\/index.php?rest_route=\/wp\/v2\/users\/2"}],"replies":[{"embeddable":true,"href":"https:\/\/zonaroja.com.mx\/index.php?rest_route=%2Fwp%2Fv2%2Fcomments&post=22264"}],"version-history":[{"count":1,"href":"https:\/\/zonaroja.com.mx\/index.php?rest_route=\/wp\/v2\/posts\/22264\/revisions"}],"predecessor-version":[{"id":22265,"href":"https:\/\/zonaroja.com.mx\/index.php?rest_route=\/wp\/v2\/posts\/22264\/revisions\/22265"}],"wp:featuredmedia":[{"embeddable":true,"href":"https:\/\/zonaroja.com.mx\/index.php?rest_route=\/wp\/v2\/media\/22263"}],"wp:attachment":[{"href":"https:\/\/zonaroja.com.mx\/index.php?rest_route=%2Fwp%2Fv2%2Fmedia&parent=22264"}],"wp:term":[{"taxonomy":"category","embeddable":true,"href":"https:\/\/zonaroja.com.mx\/index.php?rest_route=%2Fwp%2Fv2%2Fcategories&post=22264"},{"taxonomy":"post_tag","embeddable":true,"href":"https:\/\/zonaroja.com.mx\/index.php?rest_route=%2Fwp%2Fv2%2Ftags&post=22264"}],"curies":[{"name":"wp","href":"https:\/\/api.w.org\/{rel}","templated":true}]}}