{"id":22268,"date":"2021-01-10T12:40:29","date_gmt":"2021-01-10T18:40:29","guid":{"rendered":"http:\/\/www.zonaroja.com.mx\/?p=22268"},"modified":"2021-01-10T12:47:21","modified_gmt":"2021-01-10T18:47:21","slug":"registra-oaxaca-otro-feminicidio-ahora-en-huautulco","status":"publish","type":"post","link":"https:\/\/zonaroja.com.mx\/?p=22268","title":{"rendered":"Registra Oaxaca otro feminicidio, ahora en destino tur\u00edstico de Huatulco"},"content":{"rendered":"\n<p>Ismael Garc\u00eda M.\/Zona Roja.<\/p>\n\n\n\n<p>Oaxaca de Ju\u00e1rez, Oax., 10 de enero de 2021.- Cuatro mujeres han perdido la vida de manera violenta en Oaxaca en s\u00f3lo 9 d\u00edas del nuevo a\u00f1o.<\/p>\n\n\n\n<p>El m\u00e1s reciente probable feminicidio se perpetr\u00f3 anoche en un domicilio del destino tur\u00edstico de Santa Cruz Huatulco, agencia del municipio de Santa Mar\u00eda Huatulco, de la regi\u00f3n Costa del estado.<\/p>\n\n\n\n<p>Fue en una casa ubicada en el fraccionamiento Sector H3 en que fue asesinada una mujer, de aproximadamente 50 a\u00f1os de edad, presuntamente por su pareja, Antonio C. M., de 46 a\u00f1os de edad.<\/p>\n\n\n\n<p>Elementos de la polic\u00eda municipal lograron detener al presunto feminicida para presentarlo ante el Ministerio P\u00fablico de la Fiscal\u00eda General del Estado; la mujer era originaria de San Mateo Pi\u00f1as, Oaxaca.<\/p>\n\n\n\n<p>Apenas este domingo por la ma\u00f1ana, fue asesinada a balazos una mujer, junto con un var\u00f3n, en jurisdicci\u00f3n de San Miguel Soyaltepec, regi\u00f3n de la Cuenca, por causas hasta ahora desconocidas.<\/p>\n\n\n\n<p>Ayer por la ma\u00f1ana en terrenos de cultivo de San Antonio de la Cal, municipio conurbado a la capital, fue localizado el cuerpo de una mujer, de aproximadamente 30 a\u00f1os de edad, con disparos de arma de fuego; a\u00fan no ha sido identificada.<\/p>\n\n\n\n<p>Mientras que el pasado 5 de enero de 2021 fue hallado, tras un operativo, el cuerpo de una mujer, en parajes de San Miguel Albarradas, jurisdicci\u00f3n de la Villa de Mitla, quien hab\u00eda sido reportada como desaparecida desde el 17 de diciembre.<\/p>\n\n\n\n<p>Raquel Mart\u00ednez Salinas ten\u00eda 57 a\u00f1os de edad y la autoridad ministerial no ha dado a conocer las causas por las cuales perdi\u00f3 la vida.<\/p>\n","protected":false},"excerpt":{"rendered":"<p>Ismael Garc\u00eda M.\/Zona Roja. Oaxaca de Ju\u00e1rez, Oax., 10 de enero de 2021.- Cuatro mujeres&hellip;<\/p>\n","protected":false},"author":2,"featured_media":12920,"comment_status":"closed","ping_status":"open","sticky":false,"template":"","format":"standard","meta":{"_lmt_disableupdate":"","_lmt_disable":"","_jetpack_memberships_contains_paid_content":false,"footnotes":""},"categories":[109,51],"tags":[610],"class_list":["post-22268","post","type-post","status-publish","format-standard","has-post-thumbnail","hentry","category-minuto-a-minuto","category-zona-roja","tag-feminicidios-oaxaca"],"jetpack_featured_media_url":"https:\/\/zonaroja.com.mx\/wp-content\/uploads\/2020\/05\/Feminicidios-ni-una-m\u00e1s.png","jetpack_sharing_enabled":true,"_links":{"self":[{"href":"https:\/\/zonaroja.com.mx\/index.php?rest_route=\/wp\/v2\/posts\/22268","targetHints":{"allow":["GET"]}}],"collection":[{"href":"https:\/\/zonaroja.com.mx\/index.php?rest_route=\/wp\/v2\/posts"}],"about":[{"href":"https:\/\/zonaroja.com.mx\/index.php?rest_route=\/wp\/v2\/types\/post"}],"author":[{"embeddable":true,"href":"https:\/\/zonaroja.com.mx\/index.php?rest_route=\/wp\/v2\/users\/2"}],"replies":[{"embeddable":true,"href":"https:\/\/zonaroja.com.mx\/index.php?rest_route=%2Fwp%2Fv2%2Fcomments&post=22268"}],"version-history":[{"count":3,"href":"https:\/\/zonaroja.com.mx\/index.php?rest_route=\/wp\/v2\/posts\/22268\/revisions"}],"predecessor-version":[{"id":22271,"href":"https:\/\/zonaroja.com.mx\/index.php?rest_route=\/wp\/v2\/posts\/22268\/revisions\/22271"}],"wp:featuredmedia":[{"embeddable":true,"href":"https:\/\/zonaroja.com.mx\/index.php?rest_route=\/wp\/v2\/media\/12920"}],"wp:attachment":[{"href":"https:\/\/zonaroja.com.mx\/index.php?rest_route=%2Fwp%2Fv2%2Fmedia&parent=22268"}],"wp:term":[{"taxonomy":"category","embeddable":true,"href":"https:\/\/zonaroja.com.mx\/index.php?rest_route=%2Fwp%2Fv2%2Fcategories&post=22268"},{"taxonomy":"post_tag","embeddable":true,"href":"https:\/\/zonaroja.com.mx\/index.php?rest_route=%2Fwp%2Fv2%2Ftags&post=22268"}],"curies":[{"name":"wp","href":"https:\/\/api.w.org\/{rel}","templated":true}]}}