{"id":22274,"date":"2021-01-10T18:57:42","date_gmt":"2021-01-11T00:57:42","guid":{"rendered":"http:\/\/www.zonaroja.com.mx\/?p=22274"},"modified":"2021-01-10T18:57:47","modified_gmt":"2021-01-11T00:57:47","slug":"quita-consejo-estatal-del-prd-a-jose-julio-antonio-por-aceptar-alianza-con-pri-y-pan","status":"publish","type":"post","link":"https:\/\/zonaroja.com.mx\/?p=22274","title":{"rendered":"Quita Consejo Estatal del PRD a Jos\u00e9 Julio Antonio, por aceptar alianza con PRI y PAN"},"content":{"rendered":"\n<p>Redacci\u00f3n\/Zona Roja.<\/p>\n\n\n\n<p>Oaxaca de Ju\u00e1rez, Oax., 10 de enero de 2021.- Por haber contravenido la decisi\u00f3n mayoritaria de no ir en alianza con el PAN y el PRI, este domingo el octavo pleno extraordinario del Partido de la Revoluci\u00f3n Democr\u00e1tica en Oaxaca (PRD) determin\u00f3 destituir a su presidente, Jos\u00e9 Julio Antonio Aquino.<\/p>\n\n\n\n<p>Con el voto de 76 de 102 consejeros, designaron como nuevo presidente de la Direcci\u00f3n Ejecutiva Estatal a Carlos L\u00f3pez Jarqu\u00edn, hermano del actual presidente municipal de Santa Cruz Xoxocotl\u00e1n y quien se ha opuesto p\u00fablicamente a dicha alianza.<\/p>\n\n\n\n<p>De acuerdo con un comunicado, luego de un an\u00e1lisis por parte de las y los consejeros, determinaron que Jos\u00e9 Julio Antonio Aquino no representaba los intereses del partido.<\/p>\n\n\n\n<p>Ello \u201cal perder la confianza de la militancia perredista, tomamos el acuerdo de realizar este cambio legitimado por las expresiones pol\u00edtica UCD Alternativa Democr\u00e1tica Nacional, Foro Nuevo Sol, Galileos, y Movimiento C\u00edvico Vanguardia Progresista\u201d, indic\u00f3 el presidente de la Mesa Directiva del Consejo Estatal, Palem\u00f3n Gregorio Bautista.<\/p>\n\n\n\n<p>Por su parte, el nuevo presidente del PRD Oaxaca, Carlos L\u00f3pez Jarqu\u00edn, indic\u00f3 que en esta nueva etapa de la dirigencia el reto es reagrupar la fuerza pol\u00edtica del Sol Azteca, por lo cual hizo un llamado a la unidad y a un trabajo basado en los valores democr\u00e1ticos del partido.<\/p>\n\n\n\n<p>De cara a los pr\u00f3ximos comicios, dijo que el PRD se encuentra listo para presentar a la ciudadan\u00eda oaxaque\u00f1a los mejores candidatos y propuestas para el desarrollo y bienestar de los que menos tienen.<\/p>\n\n\n\n<figure class=\"wp-block-image size-large\"><img decoding=\"async\" width=\"1024\" height=\"699\" src=\"http:\/\/www.zonaroja.com.mx\/wp-content\/uploads\/2021\/01\/Carlos-Lopez-Jarquin-1024x699.jpg\" alt=\"\" class=\"wp-image-22276\" srcset=\"https:\/\/zonaroja.com.mx\/wp-content\/uploads\/2021\/01\/Carlos-Lopez-Jarquin-1024x699.jpg 1024w, https:\/\/zonaroja.com.mx\/wp-content\/uploads\/2021\/01\/Carlos-Lopez-Jarquin-300x205.jpg 300w, https:\/\/zonaroja.com.mx\/wp-content\/uploads\/2021\/01\/Carlos-Lopez-Jarquin-768x524.jpg 768w, https:\/\/zonaroja.com.mx\/wp-content\/uploads\/2021\/01\/Carlos-Lopez-Jarquin-1170x799.jpg 1170w, https:\/\/zonaroja.com.mx\/wp-content\/uploads\/2021\/01\/Carlos-Lopez-Jarquin-585x399.jpg 585w, https:\/\/zonaroja.com.mx\/wp-content\/uploads\/2021\/01\/Carlos-Lopez-Jarquin.jpg 1280w\" sizes=\"(max-width: 1024px) 100vw, 1024px\" \/><\/figure>\n","protected":false},"excerpt":{"rendered":"<p>Redacci\u00f3n\/Zona Roja. Oaxaca de Ju\u00e1rez, Oax., 10 de enero de 2021.- Por haber contravenido la&hellip;<\/p>\n","protected":false},"author":2,"featured_media":22275,"comment_status":"closed","ping_status":"open","sticky":false,"template":"","format":"standard","meta":{"_lmt_disableupdate":"","_lmt_disable":"","_jetpack_memberships_contains_paid_content":false,"footnotes":""},"categories":[109,47],"tags":[2359,2353],"class_list":["post-22274","post","type-post","status-publish","format-standard","has-post-thumbnail","hentry","category-minuto-a-minuto","category-zona-gris","tag-carlos-lopez-jarquin","tag-jose-julio-antonio-aquino"],"jetpack_featured_media_url":"https:\/\/zonaroja.com.mx\/wp-content\/uploads\/2021\/01\/Nuevo-dirigente-PRD.jpg","jetpack_sharing_enabled":true,"_links":{"self":[{"href":"https:\/\/zonaroja.com.mx\/index.php?rest_route=\/wp\/v2\/posts\/22274","targetHints":{"allow":["GET"]}}],"collection":[{"href":"https:\/\/zonaroja.com.mx\/index.php?rest_route=\/wp\/v2\/posts"}],"about":[{"href":"https:\/\/zonaroja.com.mx\/index.php?rest_route=\/wp\/v2\/types\/post"}],"author":[{"embeddable":true,"href":"https:\/\/zonaroja.com.mx\/index.php?rest_route=\/wp\/v2\/users\/2"}],"replies":[{"embeddable":true,"href":"https:\/\/zonaroja.com.mx\/index.php?rest_route=%2Fwp%2Fv2%2Fcomments&post=22274"}],"version-history":[{"count":1,"href":"https:\/\/zonaroja.com.mx\/index.php?rest_route=\/wp\/v2\/posts\/22274\/revisions"}],"predecessor-version":[{"id":22277,"href":"https:\/\/zonaroja.com.mx\/index.php?rest_route=\/wp\/v2\/posts\/22274\/revisions\/22277"}],"wp:featuredmedia":[{"embeddable":true,"href":"https:\/\/zonaroja.com.mx\/index.php?rest_route=\/wp\/v2\/media\/22275"}],"wp:attachment":[{"href":"https:\/\/zonaroja.com.mx\/index.php?rest_route=%2Fwp%2Fv2%2Fmedia&parent=22274"}],"wp:term":[{"taxonomy":"category","embeddable":true,"href":"https:\/\/zonaroja.com.mx\/index.php?rest_route=%2Fwp%2Fv2%2Fcategories&post=22274"},{"taxonomy":"post_tag","embeddable":true,"href":"https:\/\/zonaroja.com.mx\/index.php?rest_route=%2Fwp%2Fv2%2Ftags&post=22274"}],"curies":[{"name":"wp","href":"https:\/\/api.w.org\/{rel}","templated":true}]}}