{"id":22281,"date":"2021-01-10T21:36:17","date_gmt":"2021-01-11T03:36:17","guid":{"rendered":"http:\/\/www.zonaroja.com.mx\/?p=22281"},"modified":"2021-01-10T21:36:21","modified_gmt":"2021-01-11T03:36:21","slug":"pide-diputado-renuncia-de-samuel-gurrion-por-inclumplir-con-ley-antipet","status":"publish","type":"post","link":"https:\/\/zonaroja.com.mx\/?p=22281","title":{"rendered":"Pide diputado renuncia de Samuel Gurri\u00f3n por inclumplir con ley antiPET"},"content":{"rendered":"\n<p>Redacci\u00f3n\/Zona Roja.<\/p>\n\n\n\n<p>Oaxaca de Ju\u00e1rez, Oax.- 10 de enero 2021.- El diputado Horacio Sosa Villavicencio, impulsor de la ley antiPET y antiunicel en Oaxaca, solicit\u00f3 al titular de la Secretar\u00eda del Medio Ambiente, Energ\u00edas y Desarrollo Sustentable (Semaedeso), Samuel Gurri\u00f3n Mat\u00edas, separarse del cargo por no hacer cumplir las nuevas disposiciones de la Ley para la Prevenci\u00f3n y Gesti\u00f3n Integral de los Residuos S\u00f3lidos en la entidad.<\/p>\n\n\n\n<p>Mediante un video que comparti\u00f3 en redes sociales, el legislador del Partido Morena se\u00f1al\u00f3 que el funcionario ha mostrado indiferencia y se ha escudado en la pandemia por Covid-19 para no sancionar a las empresas que contin\u00faan con la venta, distribuci\u00f3n o uso de botellas desechables de pl\u00e1stico, as\u00ed como de envases y embalajes desechables de unicel.<\/p>\n\n\n\n<p>Sosa Villavicencio dijo que desde el 10 de abril del 2019, la 64 Legislatura de Oaxaca aprob\u00f3 la adici\u00f3n de las fracciones XI y XII del art\u00edculo 98 a la Ley para la Prevenci\u00f3n y Gesti\u00f3n Integral de los Residuos S\u00f3lidos, con ello, se se\u00f1ala la prohibici\u00f3n de \u201cvender, distribuir o emplear envases de un solo uso elaborados con tereftalato de polietileno (PET) destinados al agua u otras bebidas, y vender, distribuir o usar envases, embalajes u otros productos de un solo uso elaborados con poliestireno expandido (unicel)\u201d.<\/p>\n\n\n\n<p>Destac\u00f3 que la iniciativa implica que la industria refresquera mexicana replantee las formas de distribuir sus productos, al menos en Oaxaca, pues estar\u00e1 obligada a envasarlos en contenedores menos da\u00f1inos al medio ambiente.&nbsp;<\/p>\n\n\n\n<p>Sin embargo, aun cuando del 25 de octubre del 2020 se venciera la pr\u00f3rroga que se aprob\u00f3 para que las grandes empresas eliminaran de sus inventarios este tipo de productos, la Semaedeso no ha puesto en marcha operativos de vigilancia ni sanciones a los negocios infractores.<\/p>\n\n\n\n<p>\u201cLos grandes centros comerciales siguen con la venta de productos en PET de un solo uso, de desechables de unicel, popotes y bolsas de pl\u00e1stico, mientras el secretario de medio ambiente del gobierno de Oaxaca se encuentra en otros asuntos personales\u201d, asever\u00f3 el diputado de Morena.<\/p>\n\n\n\n<p>La&nbsp; iniciativa privada no es la \u00fanica infractora a esta ley,&nbsp; tambi\u00e9n se ha documentado que las instancias de gobierno y autoridades municipales violan las disposiciones legales.<\/p>\n\n\n\n<p>Y es que la reforma legislativa de Sosa Villavicencio incluye la adici\u00f3n del art\u00edculo 68 bis, que tambi\u00e9n proh\u00edbe a las dependencias y entidades de los tres Poderes del Estado, a los gobiernos municipales y a los \u00f3rganos aut\u00f3nomos, el adquirir, usar o distribuir productos en envases o embalajes de un solo uso elaborados con tereftalato de polietileno, poliestireno expandido o polietileno, salvo que sean destinados a fines m\u00e9dicos o para la atenci\u00f3n humanitaria.<\/p>\n\n\n\n<p>Las sanciones por el incumplimiento de las nuevas disposiciones son las diversas ya previstas en el art\u00edculo 108 de la Ley para la Prevenci\u00f3n y Gesti\u00f3n Integral de los Residuos S\u00f3lidos, que incluyen la posibilidad de multas (de diez a cincuenta mil d\u00edas de salario m\u00ednimo), la suspensi\u00f3n o revocaci\u00f3n de concesiones o autorizaciones, decomisos, clausuras temporal o definitiva, e incluso el arresto.<\/p>\n","protected":false},"excerpt":{"rendered":"<p>Redacci\u00f3n\/Zona Roja. Oaxaca de Ju\u00e1rez, Oax.- 10 de enero 2021.- El diputado Horacio Sosa Villavicencio,&hellip;<\/p>\n","protected":false},"author":2,"featured_media":15633,"comment_status":"closed","ping_status":"open","sticky":false,"template":"","format":"standard","meta":{"_lmt_disableupdate":"","_lmt_disable":"","_jetpack_memberships_contains_paid_content":false,"footnotes":""},"categories":[109,46],"tags":[444],"class_list":["post-22281","post","type-post","status-publish","format-standard","has-post-thumbnail","hentry","category-minuto-a-minuto","category-zona-blanca","tag-horacio-sosa-villavicencio"],"jetpack_featured_media_url":"https:\/\/zonaroja.com.mx\/wp-content\/uploads\/2020\/07\/FOTO-2.1-Diputado-Horacio-Sosa-Villavicencio..jpeg","jetpack_sharing_enabled":true,"_links":{"self":[{"href":"https:\/\/zonaroja.com.mx\/index.php?rest_route=\/wp\/v2\/posts\/22281","targetHints":{"allow":["GET"]}}],"collection":[{"href":"https:\/\/zonaroja.com.mx\/index.php?rest_route=\/wp\/v2\/posts"}],"about":[{"href":"https:\/\/zonaroja.com.mx\/index.php?rest_route=\/wp\/v2\/types\/post"}],"author":[{"embeddable":true,"href":"https:\/\/zonaroja.com.mx\/index.php?rest_route=\/wp\/v2\/users\/2"}],"replies":[{"embeddable":true,"href":"https:\/\/zonaroja.com.mx\/index.php?rest_route=%2Fwp%2Fv2%2Fcomments&post=22281"}],"version-history":[{"count":1,"href":"https:\/\/zonaroja.com.mx\/index.php?rest_route=\/wp\/v2\/posts\/22281\/revisions"}],"predecessor-version":[{"id":22282,"href":"https:\/\/zonaroja.com.mx\/index.php?rest_route=\/wp\/v2\/posts\/22281\/revisions\/22282"}],"wp:featuredmedia":[{"embeddable":true,"href":"https:\/\/zonaroja.com.mx\/index.php?rest_route=\/wp\/v2\/media\/15633"}],"wp:attachment":[{"href":"https:\/\/zonaroja.com.mx\/index.php?rest_route=%2Fwp%2Fv2%2Fmedia&parent=22281"}],"wp:term":[{"taxonomy":"category","embeddable":true,"href":"https:\/\/zonaroja.com.mx\/index.php?rest_route=%2Fwp%2Fv2%2Fcategories&post=22281"},{"taxonomy":"post_tag","embeddable":true,"href":"https:\/\/zonaroja.com.mx\/index.php?rest_route=%2Fwp%2Fv2%2Ftags&post=22281"}],"curies":[{"name":"wp","href":"https:\/\/api.w.org\/{rel}","templated":true}]}}