{"id":22283,"date":"2021-01-10T22:05:25","date_gmt":"2021-01-11T04:05:25","guid":{"rendered":"http:\/\/www.zonaroja.com.mx\/?p=22283"},"modified":"2021-01-10T22:05:28","modified_gmt":"2021-01-11T04:05:28","slug":"registro-oaxaca-en-primera-semana-de-enero-1136-casos-de-covid-y-72-decesos","status":"publish","type":"post","link":"https:\/\/zonaroja.com.mx\/?p=22283","title":{"rendered":"Registr\u00f3 Oaxaca en primera semana de enero 1,136 casos de Covid y 72 decesos"},"content":{"rendered":"\n<p>Redacci\u00f3n\/Zona Roja.<\/p>\n\n\n\n<p>Oaxaca de Ju\u00e1rez, Oax. 10 de enero de 2021. Los Servicios de Salud de Oaxaca (SSO), informaron que desde el primer caso registrado en el mes de marzo, en Oaxaca se han reportado 29 mil 648 casos positivos, de los cuales 26 mil 782 se han recuperado y dos mil 205 personas han fallecido.<\/p>\n\n\n\n<p>Asimismo, se dio a conocer que en esta \u00faltima semana, la situaci\u00f3n de la pandemia se ha tornado cr\u00edtica especialmente en los Valles Centrales, por el aumento en el n\u00famero de contagios derivado de un exceso de movilidad y porque muchas personas no respetaron las recomendaciones de evitar calles y tiendas llenas durante la temporada decembrina.<\/p>\n\n\n\n<p>Debido a ello, del 3 al 9 de enero se registraron mil 136 nuevos casos y 72 nuevos fallecimientos. El promedio estatal de ocupaci\u00f3n de camas alcanz\u00f3 el 53.2%, con un incremento del 4.8% respecto a la semana anterior, detall\u00f3 la dependencia en un comunicado.<\/p>\n\n\n\n<p>Asimismo, durante esta semana se registr\u00f3 la hospitalizaci\u00f3n de m\u00e1s de 300 personas diarias, alcanzando el pico m\u00e1ximo el d\u00eda jueves 7 de enero con 351 hospitalizados.<\/p>\n\n\n\n<p>La Jurisdicci\u00f3n Sanitaria de Valles Centrales registr\u00f3 801 nuevos casos y 47 fallecimientos; Istmo, 67 nuevos casos y 7 defunciones; Tuxtepec, 48 casos y 3 fallecimientos; Costa, 46 nuevos casos y 5 fallecimientos; Mixteca, 120 casos y 4 fallecimientos; Sierra, 42 nuevos contagios y 2 fallecimientos.<\/p>\n\n\n\n<p>En los Valles Centrales, la ciudad capital y sus&nbsp; agencias ha sido la m\u00e1s afectada; as\u00ed como Tuxtepec en la Cuenca; Huajuapan de Le\u00f3n en la Mixteca; Ciudad Ixtepec y Salina Cruz en el Istmo, y Huatulco en la Costa, que tambi\u00e9n presentan un n\u00famero elevado de contagios acumulados y nuevos contagios.<\/p>\n\n\n\n<p>Por ello, los SSO exhortan a la poblaci\u00f3n a continuar con las medidas de prevenci\u00f3n para disminuir el n\u00famero de contagios en la entidad.<\/p>\n\n\n\n<p>\u201cRecomendamos que en casa, mantengan los cuidados que todas y todos ten\u00edamos al principio de la pandemia: el lavado constante de manos, la desinfecci\u00f3n de superficies, la organizaci\u00f3n familiar para poder salir a la calle \u00fanicamente cuando sea necesario y el aislamiento inmediato ante la presencia de cualquier s\u00edntoma\u201d expuso.<\/p>\n\n\n\n<p>Tambi\u00e9n recomendaron continuar con la sana distancia, el uso correcto del cubrebocas que abarque desde la nariz a la barbilla, y evitar lugares que no cuente con ventilaci\u00f3n o una circulaci\u00f3n de aire adecuada: ya sean restaurantes, tiendas o cualquier otro tipo de lugares p\u00fablicos.<\/p>\n","protected":false},"excerpt":{"rendered":"<p>Redacci\u00f3n\/Zona Roja. Oaxaca de Ju\u00e1rez, Oax. 10 de enero de 2021. Los Servicios de Salud&hellip;<\/p>\n","protected":false},"author":2,"featured_media":22284,"comment_status":"closed","ping_status":"open","sticky":false,"template":"","format":"standard","meta":{"_lmt_disableupdate":"","_lmt_disable":"","_jetpack_memberships_contains_paid_content":false,"footnotes":""},"categories":[109,47],"tags":[1512],"class_list":["post-22283","post","type-post","status-publish","format-standard","has-post-thumbnail","hentry","category-minuto-a-minuto","category-zona-gris","tag-coronavirus-oaxaca"],"jetpack_featured_media_url":"https:\/\/zonaroja.com.mx\/wp-content\/uploads\/2021\/01\/Covid-Oaxaca-3.jpg","jetpack_sharing_enabled":true,"_links":{"self":[{"href":"https:\/\/zonaroja.com.mx\/index.php?rest_route=\/wp\/v2\/posts\/22283","targetHints":{"allow":["GET"]}}],"collection":[{"href":"https:\/\/zonaroja.com.mx\/index.php?rest_route=\/wp\/v2\/posts"}],"about":[{"href":"https:\/\/zonaroja.com.mx\/index.php?rest_route=\/wp\/v2\/types\/post"}],"author":[{"embeddable":true,"href":"https:\/\/zonaroja.com.mx\/index.php?rest_route=\/wp\/v2\/users\/2"}],"replies":[{"embeddable":true,"href":"https:\/\/zonaroja.com.mx\/index.php?rest_route=%2Fwp%2Fv2%2Fcomments&post=22283"}],"version-history":[{"count":1,"href":"https:\/\/zonaroja.com.mx\/index.php?rest_route=\/wp\/v2\/posts\/22283\/revisions"}],"predecessor-version":[{"id":22285,"href":"https:\/\/zonaroja.com.mx\/index.php?rest_route=\/wp\/v2\/posts\/22283\/revisions\/22285"}],"wp:featuredmedia":[{"embeddable":true,"href":"https:\/\/zonaroja.com.mx\/index.php?rest_route=\/wp\/v2\/media\/22284"}],"wp:attachment":[{"href":"https:\/\/zonaroja.com.mx\/index.php?rest_route=%2Fwp%2Fv2%2Fmedia&parent=22283"}],"wp:term":[{"taxonomy":"category","embeddable":true,"href":"https:\/\/zonaroja.com.mx\/index.php?rest_route=%2Fwp%2Fv2%2Fcategories&post=22283"},{"taxonomy":"post_tag","embeddable":true,"href":"https:\/\/zonaroja.com.mx\/index.php?rest_route=%2Fwp%2Fv2%2Ftags&post=22283"}],"curies":[{"name":"wp","href":"https:\/\/api.w.org\/{rel}","templated":true}]}}