{"id":22286,"date":"2021-01-11T06:51:58","date_gmt":"2021-01-11T12:51:58","guid":{"rendered":"http:\/\/www.zonaroja.com.mx\/?p=22286"},"modified":"2021-01-11T06:52:03","modified_gmt":"2021-01-11T12:52:03","slug":"cuatro-muertos-y-dos-menores-lesionados-saldo-de-accidente-carretero-en-oaxaca","status":"publish","type":"post","link":"https:\/\/zonaroja.com.mx\/?p=22286","title":{"rendered":"Cuatro muertos y dos menores lesionados, saldo de accidente carretero en Oaxaca"},"content":{"rendered":"\n<p>Redacci\u00f3n\/Zona Roja.<\/p>\n\n\n\n<p>Oaxaca de Ju\u00e1rez, Oax., 11 de enero de 2021.- Cuatro personas adultas fallecidas y dos menores de edad lesionados, es el saldo de un accidente carretero entre tres veh\u00edculos, ocurrido anoche en la v\u00eda federal 131 Oaxaca-Puerto Escondido, en jurisdicci\u00f3n de Ayoquezco de Aldama, Zimatl\u00e1n.<\/p>\n\n\n\n<p>De acuerdo con los reportes oficiales, el percance se registr\u00f3 alrededor de las 21:30 horas a la altura del kil\u00f3metro 38, en que participaron una pipa de transporte de desechos industriales con raz\u00f3n social Pavetech; una camioneta marca Toyota con placas MG-9126 del Estado de M\u00e9xico y una camioneta Ford tipo Ranger con placas SL-39101 de Puebla.<\/p>\n\n\n\n<p>Los hombres de las v\u00edctimas fatales a\u00fan no se han dado a conocer, mientras que los menores lesionados, de 12 y 11 a\u00f1os de edad, fueron atendidos por personal de la Cruz Roja Mexicana y trasladados a un hospital de la ciudad de Oaxaca.<\/p>\n","protected":false},"excerpt":{"rendered":"<p>Redacci\u00f3n\/Zona Roja. Oaxaca de Ju\u00e1rez, Oax., 11 de enero de 2021.- Cuatro personas adultas fallecidas&hellip;<\/p>\n","protected":false},"author":2,"featured_media":22287,"comment_status":"closed","ping_status":"open","sticky":false,"template":"","format":"standard","meta":{"_lmt_disableupdate":"","_lmt_disable":"","_jetpack_memberships_contains_paid_content":false,"footnotes":""},"categories":[109,47],"tags":[2360],"class_list":["post-22286","post","type-post","status-publish","format-standard","has-post-thumbnail","hentry","category-minuto-a-minuto","category-zona-gris","tag-ayoquezco-de-aldama"],"jetpack_featured_media_url":"https:\/\/zonaroja.com.mx\/wp-content\/uploads\/2021\/01\/Accidente-Ayoquezco.jpg","jetpack_sharing_enabled":true,"_links":{"self":[{"href":"https:\/\/zonaroja.com.mx\/index.php?rest_route=\/wp\/v2\/posts\/22286","targetHints":{"allow":["GET"]}}],"collection":[{"href":"https:\/\/zonaroja.com.mx\/index.php?rest_route=\/wp\/v2\/posts"}],"about":[{"href":"https:\/\/zonaroja.com.mx\/index.php?rest_route=\/wp\/v2\/types\/post"}],"author":[{"embeddable":true,"href":"https:\/\/zonaroja.com.mx\/index.php?rest_route=\/wp\/v2\/users\/2"}],"replies":[{"embeddable":true,"href":"https:\/\/zonaroja.com.mx\/index.php?rest_route=%2Fwp%2Fv2%2Fcomments&post=22286"}],"version-history":[{"count":1,"href":"https:\/\/zonaroja.com.mx\/index.php?rest_route=\/wp\/v2\/posts\/22286\/revisions"}],"predecessor-version":[{"id":22288,"href":"https:\/\/zonaroja.com.mx\/index.php?rest_route=\/wp\/v2\/posts\/22286\/revisions\/22288"}],"wp:featuredmedia":[{"embeddable":true,"href":"https:\/\/zonaroja.com.mx\/index.php?rest_route=\/wp\/v2\/media\/22287"}],"wp:attachment":[{"href":"https:\/\/zonaroja.com.mx\/index.php?rest_route=%2Fwp%2Fv2%2Fmedia&parent=22286"}],"wp:term":[{"taxonomy":"category","embeddable":true,"href":"https:\/\/zonaroja.com.mx\/index.php?rest_route=%2Fwp%2Fv2%2Fcategories&post=22286"},{"taxonomy":"post_tag","embeddable":true,"href":"https:\/\/zonaroja.com.mx\/index.php?rest_route=%2Fwp%2Fv2%2Ftags&post=22286"}],"curies":[{"name":"wp","href":"https:\/\/api.w.org\/{rel}","templated":true}]}}