{"id":2229,"date":"2019-07-13T13:45:24","date_gmt":"2019-07-13T18:45:24","guid":{"rendered":"http:\/\/www.zonaroja.com.mx\/?p=2229"},"modified":"2019-07-13T13:45:26","modified_gmt":"2019-07-13T18:45:26","slug":"curso-de-modelaje-vulnera-el-interes-superior-de-la-ninez-sipinna","status":"publish","type":"post","link":"https:\/\/zonaroja.com.mx\/?p=2229","title":{"rendered":"Curso de modelaje vulnera el inter\u00e9s superior de la ni\u00f1ez: SIPINNA"},"content":{"rendered":"\n<p>Redacci\u00f3n<\/p>\n\n\n\n<p>Oaxaca de\nJu\u00e1rez, Oax., 13 de julio de 2019.- Tras la exigencia que hicieran colectivos\nde mujeres y feministas de cancelar un curso intensivo de modelaje programado\ndel 15 al 26 de julio en la ciudad de Oaxaca, dirigido a ni\u00f1as y j\u00f3venes de 5 a\n15 a\u00f1os de edad, la Secretar\u00eda Ejecutiva del Sistema Local de Protecci\u00f3n\nIntegral de Ni\u00f1as, Ni\u00f1os y Adolescentes (SIPINNA) confirm\u00f3 que dicha actividad\nvulnera el inter\u00e9s superior de la ni\u00f1ez e incrementa las posibilidades de que\nlas ni\u00f1as y j\u00f3venes sean v\u00edctimas de violencia sexual.<\/p>\n\n\n\n<p>En un\nposicionamiento p\u00fablico, manifest\u00f3 su preocupaci\u00f3n por la realizaci\u00f3n del curso\nde modelaje y aseguraron que este tipo de pr\u00e1cticas imponen valores y patrones\nde comportamiento, sobre todo a las ni\u00f1as, basados en estereotipos de g\u00e9nero en\nlos que predomina la funci\u00f3n est\u00e9tica y erotizante del cuerpo femenino.<\/p>\n\n\n\n<p>As\u00ed mismo, explic\u00f3\nque la hipersexualizaci\u00f3n de las ni\u00f1as tiende a crearles la idea de que su\naceptaci\u00f3n social est\u00e1 relacionada con su aspecto f\u00edsico y, por ende, que deben\nser bellas y deseables, demeritando otros atributos o caracter\u00edsticas, lo cual\nlas hace vulnerables de ser v\u00edctimas de violencia sexual.<\/p>\n\n\n\n<p>\u201cEl riesgo\nno es solamente que se normalicen y reproduzcan los estereotipos y roles de\ng\u00e9nero, sino que se ponga en peligro a las ni\u00f1as y adolescentes pues se incrementan\nlas posibilidades de que sean v\u00edctimas de violencia sexual\u201d, cita el documento.<\/p>\n\n\n\n<p>Record\u00f3 que\ntal y como lo mandata la Constituci\u00f3n Pol\u00edtica de los Estados Unidos Mexicanos,\nes obligaci\u00f3n del Estado velar y cumplir con el principio del inter\u00e9s superior\nde la ni\u00f1ez, el cual es vulnerado con estas pr\u00e1cticas de modelaje para menores\nde edad y va en contra de la Convenci\u00f3n de los Derechos del Ni\u00f1o, as\u00ed como de\nla Ley General y Local de los Derechos de Ni\u00f1as, Ni\u00f1os y Adolescentes.<\/p>\n\n\n\n<p>Finalmente,\nexhort\u00f3 a madres y padres de familia que eviten que sus hijas e hijos asistan a\neventos en los que se les cosifica e hipersexualiza a fin de garantizar su\nderechos a un sano desarrollo psicosexual y a gozar de una vida libre de\nviolencia.<\/p>\n\n\n\n<p>Apenas el\nmi\u00e9rcoles, pasado diversos colectivos exigieron la cancelaci\u00f3n del evento y\nalertaron de la gravedad de este tipo de convocatorias en un pa\u00eds que ocupa el\nprimer lugar en abuso y acoso sexual infantil, de acuerdo con la Organizaci\u00f3n\npara la Cooperaci\u00f3n y el Desarrollo Econ\u00f3mico (OCDE).<\/p>\n","protected":false},"excerpt":{"rendered":"<p>Redacci\u00f3n Oaxaca de Ju\u00e1rez, Oax., 13 de julio de 2019.- Tras la exigencia que hicieran&hellip;<\/p>\n","protected":false},"author":2,"featured_media":2230,"comment_status":"closed","ping_status":"open","sticky":false,"template":"","format":"standard","meta":{"_lmt_disableupdate":"","_lmt_disable":"","_jetpack_memberships_contains_paid_content":false,"footnotes":""},"categories":[109,51],"tags":[],"class_list":["post-2229","post","type-post","status-publish","format-standard","has-post-thumbnail","hentry","category-minuto-a-minuto","category-zona-roja"],"jetpack_featured_media_url":"https:\/\/zonaroja.com.mx\/wp-content\/uploads\/2019\/07\/34f20f13-b61b-4f38-b276-2f21aa55b62a.jpg","jetpack_sharing_enabled":true,"_links":{"self":[{"href":"https:\/\/zonaroja.com.mx\/index.php?rest_route=\/wp\/v2\/posts\/2229","targetHints":{"allow":["GET"]}}],"collection":[{"href":"https:\/\/zonaroja.com.mx\/index.php?rest_route=\/wp\/v2\/posts"}],"about":[{"href":"https:\/\/zonaroja.com.mx\/index.php?rest_route=\/wp\/v2\/types\/post"}],"author":[{"embeddable":true,"href":"https:\/\/zonaroja.com.mx\/index.php?rest_route=\/wp\/v2\/users\/2"}],"replies":[{"embeddable":true,"href":"https:\/\/zonaroja.com.mx\/index.php?rest_route=%2Fwp%2Fv2%2Fcomments&post=2229"}],"version-history":[{"count":1,"href":"https:\/\/zonaroja.com.mx\/index.php?rest_route=\/wp\/v2\/posts\/2229\/revisions"}],"predecessor-version":[{"id":2231,"href":"https:\/\/zonaroja.com.mx\/index.php?rest_route=\/wp\/v2\/posts\/2229\/revisions\/2231"}],"wp:featuredmedia":[{"embeddable":true,"href":"https:\/\/zonaroja.com.mx\/index.php?rest_route=\/wp\/v2\/media\/2230"}],"wp:attachment":[{"href":"https:\/\/zonaroja.com.mx\/index.php?rest_route=%2Fwp%2Fv2%2Fmedia&parent=2229"}],"wp:term":[{"taxonomy":"category","embeddable":true,"href":"https:\/\/zonaroja.com.mx\/index.php?rest_route=%2Fwp%2Fv2%2Fcategories&post=2229"},{"taxonomy":"post_tag","embeddable":true,"href":"https:\/\/zonaroja.com.mx\/index.php?rest_route=%2Fwp%2Fv2%2Ftags&post=2229"}],"curies":[{"name":"wp","href":"https:\/\/api.w.org\/{rel}","templated":true}]}}