{"id":22294,"date":"2021-01-11T09:20:27","date_gmt":"2021-01-11T15:20:27","guid":{"rendered":"http:\/\/www.zonaroja.com.mx\/?p=22294"},"modified":"2021-01-11T09:20:31","modified_gmt":"2021-01-11T15:20:31","slug":"llega-nueva-cepa-de-coronavirus-a-mexico-grave-el-paciente-en-tamaulipas","status":"publish","type":"post","link":"https:\/\/zonaroja.com.mx\/?p=22294","title":{"rendered":"Llega nueva cepa de coronavirus a M\u00e9xico; grave, el paciente en Tamaulipas"},"content":{"rendered":"\n<p>Redacci\u00f3n\/Zona Roja Cdmx.<\/p>\n\n\n\n<p>Ciudad de M\u00e9xico, 11 de enero de 2021.- Ante probables fallas en la revisi\u00f3n en aeropuertos, un primer caso de la nueva cepa del Covid se registr\u00f3 en M\u00e9xico.<\/p>\n\n\n\n<p>El gobierno de Tamaulipas confirm\u00f3 ayer el ingreso de un viajero internacional a su territorio contagiado con la nueva cepa de coronavirus, conocida como B117.<\/p>\n\n\n\n<p>En un comunicado, el gobierno estatal resalt\u00f3 que la persona de 56 a\u00f1os de edad lleg\u00f3 a la entidad el pasado 29 de diciembre a Matamoros procedente de la Ciudad de M\u00e9xico.<\/p>\n\n\n\n<p>\u201cSiendo confirmado a Covid-19 y de acuerdo a la normatividad, fue solicitada a la Federaci\u00f3n el procesamiento de la muestra a fin de descartar la portaci\u00f3n de cepas no conocidas en el pa\u00eds.<\/p>\n\n\n\n<p>\u201cEl resultado fue positivo a la nueva variante del SARS-CoV-2, que apareci\u00f3 por primera vez a mediados de septiembre en Reino Unido y que se ha convertido en la variante predominante en aquel pa\u00eds\u201d, detall\u00f3 en un comunicado.<\/p>\n\n\n\n<p>A su vez, la Secretar\u00eda de Salud estatal, precis\u00f3 que de forma inmediata se dio seguimiento a viajeros y tripulaci\u00f3n del vuelo, resultando negativas las muestras procesadas<\/p>\n\n\n\n<p>Por su parte, el gobierno federal confirm\u00f3 que se atiende con todos los protocolos a la paciente, sin embargo, la reportan grave de salud.<\/p>\n\n\n\n<p>Se trata de un ciudadano del Reino Unido, quien es empleado de una empresa internacional y lleg\u00f3 al aeropuerto de la Ciudad de M\u00e9xico en un vuelo proveniente de \u00c1msterdam el pasado 28 de diciembre.<\/p>\n\n\n\n<p>El d\u00eda 29 de diciembre viaj\u00f3 de ah\u00ed a Matamoros donde se realiz\u00f3 la prueba de PCR, donde dio positivo al virus SARS-CoV-2, por lo que se le indic\u00f3 aislamiento.<\/p>\n\n\n\n<p>Sin embargo, el pasado viernes 8 de enero, la persona, de 56 a\u00f1os de edad, regres\u00f3 al hospital privado donde recibi\u00f3 tratamiento con mascarilla con ox\u00edgeno, con progreso desfavorable, por lo que el 9 de enero fue intubado, estado en el que sigue hasta este domingo.<\/p>\n","protected":false},"excerpt":{"rendered":"<p>Redacci\u00f3n\/Zona Roja Cdmx. Ciudad de M\u00e9xico, 11 de enero de 2021.- Ante probables fallas en&hellip;<\/p>\n","protected":false},"author":2,"featured_media":19061,"comment_status":"closed","ping_status":"open","sticky":false,"template":"","format":"standard","meta":{"_lmt_disableupdate":"","_lmt_disable":"","_jetpack_memberships_contains_paid_content":false,"footnotes":""},"categories":[109,47],"tags":[],"class_list":["post-22294","post","type-post","status-publish","format-standard","has-post-thumbnail","hentry","category-minuto-a-minuto","category-zona-gris"],"jetpack_featured_media_url":"https:\/\/zonaroja.com.mx\/wp-content\/uploads\/2020\/10\/Muertes-Covid-19.jpg","jetpack_sharing_enabled":true,"_links":{"self":[{"href":"https:\/\/zonaroja.com.mx\/index.php?rest_route=\/wp\/v2\/posts\/22294","targetHints":{"allow":["GET"]}}],"collection":[{"href":"https:\/\/zonaroja.com.mx\/index.php?rest_route=\/wp\/v2\/posts"}],"about":[{"href":"https:\/\/zonaroja.com.mx\/index.php?rest_route=\/wp\/v2\/types\/post"}],"author":[{"embeddable":true,"href":"https:\/\/zonaroja.com.mx\/index.php?rest_route=\/wp\/v2\/users\/2"}],"replies":[{"embeddable":true,"href":"https:\/\/zonaroja.com.mx\/index.php?rest_route=%2Fwp%2Fv2%2Fcomments&post=22294"}],"version-history":[{"count":1,"href":"https:\/\/zonaroja.com.mx\/index.php?rest_route=\/wp\/v2\/posts\/22294\/revisions"}],"predecessor-version":[{"id":22295,"href":"https:\/\/zonaroja.com.mx\/index.php?rest_route=\/wp\/v2\/posts\/22294\/revisions\/22295"}],"wp:featuredmedia":[{"embeddable":true,"href":"https:\/\/zonaroja.com.mx\/index.php?rest_route=\/wp\/v2\/media\/19061"}],"wp:attachment":[{"href":"https:\/\/zonaroja.com.mx\/index.php?rest_route=%2Fwp%2Fv2%2Fmedia&parent=22294"}],"wp:term":[{"taxonomy":"category","embeddable":true,"href":"https:\/\/zonaroja.com.mx\/index.php?rest_route=%2Fwp%2Fv2%2Fcategories&post=22294"},{"taxonomy":"post_tag","embeddable":true,"href":"https:\/\/zonaroja.com.mx\/index.php?rest_route=%2Fwp%2Fv2%2Ftags&post=22294"}],"curies":[{"name":"wp","href":"https:\/\/api.w.org\/{rel}","templated":true}]}}