{"id":22299,"date":"2021-01-11T11:18:24","date_gmt":"2021-01-11T17:18:24","guid":{"rendered":"http:\/\/www.zonaroja.com.mx\/?p=22299"},"modified":"2021-01-11T11:18:31","modified_gmt":"2021-01-11T17:18:31","slug":"covid-en-oaxaca-los-nombres-de-quienes-dieron-la-vida-luchando-contra-la-enfermedad","status":"publish","type":"post","link":"https:\/\/zonaroja.com.mx\/?p=22299","title":{"rendered":"Covid en Oaxaca: los nombres de quienes dieron la vida luchando contra la enfermedad"},"content":{"rendered":"\n<p>Evlin Arag\u00f3n\/Zona Roja. Foto: Ilustraci\u00f3n<\/p>\n\n\n\n<p>Oaxaca de Ju\u00e1rez, Oax., 11 de enero de 2021.- \u201c\u00bfQu\u00e9 puedo decir? Mi hermanita era alegre, platicadora, entusiasta y muy tenaz. A donde quiera que iba se esforzaba por tratar bien a la gente. Era viuda y sac\u00f3 adelante a sus dos hijos. Esos chicos eran su vida\u201d.<\/p>\n\n\n\n<p>As\u00ed describe Cenovia Rivera Castillo a su hermana Reyna, quien muri\u00f3 v\u00edctima de Covid-19 mientras se desempe\u00f1aba como asistente m\u00e9dica y jefa de personal en el Hospital General de Zona 3 del IMSS en Tuxtepec.<\/p>\n\n\n\n<p>A sus 50 a\u00f1os de edad, Reyna Rivera Castillo se uni\u00f3 a la lista de decenas de trabajadoras del servicio m\u00e9dico que perdi\u00f3 la batalla contra el coronavirus en Oaxaca.<\/p>\n\n\n\n<p>Su historia forma parte del memorial \u201cMurieron por nosotros\u201d, realizado por Mexicanos contra la Corrupci\u00f3n e Impunidad en colaboraci\u00f3n con F\u00e1brica de Periodismo, que busca darle rostro a quienes fallecieron en la primera l\u00ednea de combate a la pandemia.&nbsp;&nbsp;<\/p>\n\n\n\n<p>En el caso de Oaxaca, reporta 24 historias, del mismo n\u00famero de personas que se contagiaron al prestar sus servicios en centros de salud, cl\u00ednicas y hospitales de Oaxaca de Ju\u00e1rez, Juchit\u00e1n de Zaragoza, Santo Domingo Tehuantepec, San Juan Bautista Tuxtepec, Puerto Escondido, Salina Cruz, Pinotepa Nacional, Asunci\u00f3n Nochixtl\u00e1n, Tlaxiaco y Villa de Tamazul\u00e1pam.<\/p>\n\n\n\n<p>\u201cMi hermana hizo muchos sacrificios para terminar su carrera. Venimos de una familia grande, no muy acomodada. Por lo mismo se esforzaba m\u00e1s. Vend\u00eda productos Jafra, zapatos Andrea, Avon. Todo lo que se pudiera con tal de obtener ingresos para sus estudios\u201d, contin\u00faa el relato.&nbsp;<\/p>\n\n\n\n<p>Reyna entr\u00f3 a trabajar al IMSS como asistente m\u00e9dica; luego fue auxiliar universal de oficinas, administradora en la Unidad M\u00e9dica Familiar 64, hasta que, su esfuerzo y determinaci\u00f3n rindi\u00f3 frutos y se convirti\u00f3 en jefa de personal o recursos humanos en el Hospital General de Zona 3 en Tuxtepec, zona adem\u00e1s azotada por la violencia.&nbsp;<\/p>\n\n\n\n<p>Lo \u00faltimo que recuerda su hermana y que guarda en su memoria como un tesoro es el \u00faltimo viaje que realizaron a las playas de Veracruz, ah\u00ed reafirmaron su uni\u00f3n y cari\u00f1o que ni la distancia podr\u00eda romper, toda vez que viv\u00edan en lugares diferentes.&nbsp;<\/p>\n\n\n\n<p>\u00c1NGELES CONTRA EL COVID<\/p>\n\n\n\n<p>\u201cVisitamos las playas de Chachalacas, La Antigua y Cardel. En esas caminatas por la playa platicamos de lo que nos un\u00eda: la ropa artesanal, las blusas t\u00edpicas que ambas compr\u00e1bamos, nuestros videos motivacionales, la m\u00fasica de Menudo, el pescado frito, la barbacoa, tantas cosas\u201d.&nbsp;<\/p>\n\n\n\n<p>En julio del 2020 la vida de Cenobia dio un vuelco al enterarse que su hermana Reya hab\u00eda dado positivo a la prueba por Covid-19, sin siquiera pensarlo viaj\u00f3 de Playa del Carmen a Tuxtepec. Durante una semana estuvo pendiente \u2013 a distancia- del estado de salud de su hermana, hasta que, el primero de agosto, la esperanza de volver a estar con ella termin\u00f3 de golpe.&nbsp;<\/p>\n\n\n\n<p>\u201cCuando me enter\u00e9 de que estaba enferma viaj\u00e9 a Tuxtepec. Estuve una semana, hasta que una madrugada nos llamaron los directivos del hospital para darnos la noticia. Me queda siempre ese \u00faltimo viaje, esa vez que en la playa me dijo: Unidas por siempre\u201d.<\/p>\n\n\n\n<p>La historia de Reyna Rivera Castillo, es una de las 24 que registra el memorial en el caso de Oaxaca, mismo que pone al descubierto que sin importar la edad el personal m\u00e9dico y administrativo al interior de los centros de salud y hospitales es doblemente vulnerable al virus y que ha pagado la factura de la falta de pol\u00edticas de salud p\u00fablica y la irresponsabilidad ciudadana.<\/p>\n\n\n\n<p>A la lista se une Agust\u00edn D\u00edaz, m\u00e9dico; Aldo Diego Aguilar, enfermero; Cuauht\u00e9moc de Gyves de la Cruz, ingeniero de mantenimiento; Dan Morales P\u00e9rez, m\u00e9dico pediatra; Eliseo Camacho, m\u00e9dico ginec\u00f3logo; Fernando V\u00e1zquez Vargas, m\u00e9dico general; Gerardo Ricardez Bernardino, m\u00e9dico ginec\u00f3logo; Guillermo Santiago Espinoza Figueroa, m\u00e9dico internista; Ignacio Aguilar Aguilar, enfermero; y Javier Le\u00f3n Noyola, m\u00e9dico cirujano.&nbsp;<\/p>\n\n\n\n<p>Tambi\u00e9n Jos\u00e9 Esteban Dom\u00ednguez Mendoza, m\u00e9dico internista; Jos\u00e9 Manuel Barrera Mojica, m\u00e9dico general; Lourdes Esther Cruz Mart\u00ed\u00adnez, m\u00e9dica cardi\u00f3loga; Luis Eduardo Cervantes Ortega, m\u00e9dico pediatra; Luis Rey Espejel Ram\u00edrez, m\u00e9dico familiar; Mart\u00edn L\u00f3pez Aguilar, m\u00e9dico ginec\u00f3logo; Miriam Erica L\u00e1zaro Sernas, m\u00e9dica general; \u00d3scar G. S\u00e1nchez Mart\u00ednez, m\u00e9dico general.<\/p>\n\n\n\n<p>As\u00ed como Pablo Blas Pineda, m\u00e9dico internista; Pedro Diego Aguilar, camillero; Sergio Aguilar Hern\u00e1ndez, m\u00e9dico; Sergio S\u00e1nchez Fern\u00e1ndez, m\u00e9dico internista; y Sonia Guerrero, enfermera, quienes murieron en la primera l\u00ednea de combate a la pandemia.<\/p>\n","protected":false},"excerpt":{"rendered":"<p>Evlin Arag\u00f3n\/Zona Roja. Foto: Ilustraci\u00f3n Oaxaca de Ju\u00e1rez, Oax., 11 de enero de 2021.- \u201c\u00bfQu\u00e9&hellip;<\/p>\n","protected":false},"author":2,"featured_media":22300,"comment_status":"closed","ping_status":"open","sticky":false,"template":"","format":"standard","meta":{"_lmt_disableupdate":"","_lmt_disable":"","_jetpack_memberships_contains_paid_content":false,"footnotes":""},"categories":[109,47],"tags":[2362],"class_list":["post-22299","post","type-post","status-publish","format-standard","has-post-thumbnail","hentry","category-minuto-a-minuto","category-zona-gris","tag-medicos-fallecidos-por-covid"],"jetpack_featured_media_url":"https:\/\/zonaroja.com.mx\/wp-content\/uploads\/2021\/01\/Medicos-Covid.jpg","jetpack_sharing_enabled":true,"_links":{"self":[{"href":"https:\/\/zonaroja.com.mx\/index.php?rest_route=\/wp\/v2\/posts\/22299","targetHints":{"allow":["GET"]}}],"collection":[{"href":"https:\/\/zonaroja.com.mx\/index.php?rest_route=\/wp\/v2\/posts"}],"about":[{"href":"https:\/\/zonaroja.com.mx\/index.php?rest_route=\/wp\/v2\/types\/post"}],"author":[{"embeddable":true,"href":"https:\/\/zonaroja.com.mx\/index.php?rest_route=\/wp\/v2\/users\/2"}],"replies":[{"embeddable":true,"href":"https:\/\/zonaroja.com.mx\/index.php?rest_route=%2Fwp%2Fv2%2Fcomments&post=22299"}],"version-history":[{"count":1,"href":"https:\/\/zonaroja.com.mx\/index.php?rest_route=\/wp\/v2\/posts\/22299\/revisions"}],"predecessor-version":[{"id":22301,"href":"https:\/\/zonaroja.com.mx\/index.php?rest_route=\/wp\/v2\/posts\/22299\/revisions\/22301"}],"wp:featuredmedia":[{"embeddable":true,"href":"https:\/\/zonaroja.com.mx\/index.php?rest_route=\/wp\/v2\/media\/22300"}],"wp:attachment":[{"href":"https:\/\/zonaroja.com.mx\/index.php?rest_route=%2Fwp%2Fv2%2Fmedia&parent=22299"}],"wp:term":[{"taxonomy":"category","embeddable":true,"href":"https:\/\/zonaroja.com.mx\/index.php?rest_route=%2Fwp%2Fv2%2Fcategories&post=22299"},{"taxonomy":"post_tag","embeddable":true,"href":"https:\/\/zonaroja.com.mx\/index.php?rest_route=%2Fwp%2Fv2%2Ftags&post=22299"}],"curies":[{"name":"wp","href":"https:\/\/api.w.org\/{rel}","templated":true}]}}