{"id":22308,"date":"2021-01-11T16:15:18","date_gmt":"2021-01-11T22:15:18","guid":{"rendered":"http:\/\/www.zonaroja.com.mx\/?p=22308"},"modified":"2021-01-11T16:15:23","modified_gmt":"2021-01-11T22:15:23","slug":"inicia-el-lunes-en-oaxaca-con-protestas-y-dos-bloqueos","status":"publish","type":"post","link":"https:\/\/zonaroja.com.mx\/?p=22308","title":{"rendered":"Inicia el lunes en Oaxaca con protestas y dos bloqueos"},"content":{"rendered":"\n<p>Yuridiana Sosa\/Zona Roja. Foto: Especial<\/p>\n\n\n\n<p>Oaxaca de Ju\u00e1rez, Oax., 11 de enero de 2021.- La manifestaci\u00f3n y bloqueo en el acceso principal en la refiner\u00eda \u201cIng. Antonio Doval\u00ed Jaime\u201d en Salina Cruz por parte de trabajadores subcontratados, cumple este lunes tres d\u00edas, ante la falta de pagos de sus salarios.<\/p>\n\n\n\n<p>M\u00e1s de un centenar de trabajadores exigen al Grupo Loguinext, empresa subcontratada por Petr\u00f3leos Mexicanos (Pemex), cumpla de forma inmediata con sus pagos, los cuales para algunos no se ha otorgado desde hace por lo menos dos meses.<\/p>\n\n\n\n<p>Ante la desatenci\u00f3n de la compa\u00f1\u00eda, los obreros comenzaron su protesta el viernes pasado con el cierre del acceso principal a la refiner\u00eda, para lo que colocaron gr\u00faas y se apostaron sobre el camino.<\/p>\n\n\n\n<p>El resto de la plantilla laboral y pipas de carga ocupan los accesos alternos para continuar con operaciones dentro de la f\u00e1brica.<\/p>\n\n\n\n<p>OTRO EN LA CUENCA<\/p>\n\n\n\n<p>En tanto, habitantes de las localidades de Tres Mar\u00edas y la Rica Hoja del municipio de Valle Nacional bloquearon la carretera 175 Tuxtepec \u2013Oaxaca para exigir la construcci\u00f3n de un muro de contenci\u00f3n en el margen del r\u00edo.<\/p>\n\n\n\n<p>Liderados por la organizaci\u00f3n Comit\u00e9 de Defensa Ciudadana y Asistencia Rural, los inconformes iniciaron su protesta cerca de las 9:00 horas para demandar a la Conagua, Sinfra, Secretar\u00eda de Fianzas y Caminos y Aeropistas de Oaxaca dicho barda para evitar inundaciones en las zonas bajas que se inundan ante cada crecida del r\u00edo Valle Nacional.<\/p>\n","protected":false},"excerpt":{"rendered":"<p>Yuridiana Sosa\/Zona Roja. Foto: Especial Oaxaca de Ju\u00e1rez, Oax., 11 de enero de 2021.- La&hellip;<\/p>\n","protected":false},"author":2,"featured_media":22309,"comment_status":"closed","ping_status":"open","sticky":false,"template":"","format":"standard","meta":{"_lmt_disableupdate":"","_lmt_disable":"","_jetpack_memberships_contains_paid_content":false,"footnotes":""},"categories":[109,47],"tags":[2341],"class_list":["post-22308","post","type-post","status-publish","format-standard","has-post-thumbnail","hentry","category-minuto-a-minuto","category-zona-gris","tag-refineria-ing-antonio-dovali-jaime-salina-cruz"],"jetpack_featured_media_url":"https:\/\/zonaroja.com.mx\/wp-content\/uploads\/2021\/01\/Protesta-Salina-Cruz.jpg","jetpack_sharing_enabled":true,"_links":{"self":[{"href":"https:\/\/zonaroja.com.mx\/index.php?rest_route=\/wp\/v2\/posts\/22308","targetHints":{"allow":["GET"]}}],"collection":[{"href":"https:\/\/zonaroja.com.mx\/index.php?rest_route=\/wp\/v2\/posts"}],"about":[{"href":"https:\/\/zonaroja.com.mx\/index.php?rest_route=\/wp\/v2\/types\/post"}],"author":[{"embeddable":true,"href":"https:\/\/zonaroja.com.mx\/index.php?rest_route=\/wp\/v2\/users\/2"}],"replies":[{"embeddable":true,"href":"https:\/\/zonaroja.com.mx\/index.php?rest_route=%2Fwp%2Fv2%2Fcomments&post=22308"}],"version-history":[{"count":1,"href":"https:\/\/zonaroja.com.mx\/index.php?rest_route=\/wp\/v2\/posts\/22308\/revisions"}],"predecessor-version":[{"id":22310,"href":"https:\/\/zonaroja.com.mx\/index.php?rest_route=\/wp\/v2\/posts\/22308\/revisions\/22310"}],"wp:featuredmedia":[{"embeddable":true,"href":"https:\/\/zonaroja.com.mx\/index.php?rest_route=\/wp\/v2\/media\/22309"}],"wp:attachment":[{"href":"https:\/\/zonaroja.com.mx\/index.php?rest_route=%2Fwp%2Fv2%2Fmedia&parent=22308"}],"wp:term":[{"taxonomy":"category","embeddable":true,"href":"https:\/\/zonaroja.com.mx\/index.php?rest_route=%2Fwp%2Fv2%2Fcategories&post=22308"},{"taxonomy":"post_tag","embeddable":true,"href":"https:\/\/zonaroja.com.mx\/index.php?rest_route=%2Fwp%2Fv2%2Ftags&post=22308"}],"curies":[{"name":"wp","href":"https:\/\/api.w.org\/{rel}","templated":true}]}}