{"id":22317,"date":"2021-01-11T21:47:11","date_gmt":"2021-01-12T03:47:11","guid":{"rendered":"http:\/\/www.zonaroja.com.mx\/?p=22317"},"modified":"2021-01-11T21:47:17","modified_gmt":"2021-01-12T03:47:17","slug":"congreso-actua-con-responsabilidad-ante-pandemia-valoran-sesiones-virtuales-delfina-guzman","status":"publish","type":"post","link":"https:\/\/zonaroja.com.mx\/?p=22317","title":{"rendered":"Congreso act\u00faa con responsabilidad ante pandemia, valoran sesiones virtuales: Delfina Guzm\u00e1n"},"content":{"rendered":"\n<p>Evlin Arag\u00f3n\/Zona Roja.<\/p>\n\n\n\n<p>Oaxaca de Ju\u00e1rez, Oax., 11 de enero de 2021.- \u201cSe est\u00e1 actuando de forma responsable al interior del Congreso, se est\u00e1 exigiendo que se cumplan, de forma permanente, las medidas sanitarias implementadas desde hace semanas\u201d.&nbsp;<\/p>\n\n\n\n<p>Son las palabras de la diputada y presidenta de la Junta de Coordinaci\u00f3n Pol\u00edtica del Congreso de Oaxaca, Delfina Guzm\u00e1n D\u00edaz, quien asegur\u00f3 que s\u00ed est\u00e1n actuando de forma responsable ante la pandemia por Covid-19, que lamentablemente cobr\u00f3 la vida del legislador de la bancada de Morena, Oth\u00f3n Cuevas C\u00f3rdova.<\/p>\n\n\n\n<p>En este sentido neg\u00f3 que el recinto sea un foco de contagio, toda vez que asegur\u00f3 se han llevado a cabo las sanitizaciones correspondientes y se han establecido protocolos de higiene para todo el personal, mucho del cual no acude de manera presencial y realiza sus funciones v\u00eda remota.<\/p>\n\n\n\n<p>Y aunque reconoci\u00f3 el reciente contagio del diputado priista, Alejandro Avil\u00e9s \u00c1lvarez, detall\u00f3 que \u00e9ste no se pudo dar al interior de la C\u00e1mara, ya que todo el personal, incluyendo las y los diputados se ausentaron desde el pasado 23 de diciembre con motivo de las festividades.&nbsp;<\/p>\n\n\n\n<p>De ah\u00ed que dijo, los cuidados en torno a la pandemia deben ser en todo momento y no s\u00f3lo al interior del Congreso, ya que la mayor\u00eda de las y los legisladores hacen actividades sociales en las que tambi\u00e9n deben reducir significativamente el riesgo de contagio.\u00a0<\/p>\n\n\n\n<figure class=\"wp-block-embed-twitter wp-block-embed is-type-rich is-provider-twitter\"><div class=\"wp-block-embed__wrapper\">\n<div class=\"twitter-tweet\"><blockquote class=\"twitter-tweet\" data-lang=\"es\"><p lang=\"es\" dir=\"ltr\">La diputada <a href=\"https:\/\/twitter.com\/DelfinaGuzmanD1?ref_src=twsrc%5Etfw\">@DelfinaGuzmanD1<\/a> reiter\u00f3 que en la sede del <a href=\"https:\/\/twitter.com\/CongresoOaxLXIV?ref_src=twsrc%5Etfw\">@CongresoOaxLXIV<\/a> se acatan todas las medidas de sanidad y se refuerzan protocolos, a fin de evitar m\u00e1s contagios por Covid-19. <a href=\"https:\/\/t.co\/IWqsDUlTFd\">pic.twitter.com\/IWqsDUlTFd<\/a><\/p>&mdash; Zona Roja Oaxaca (@MexRoja) <a href=\"https:\/\/twitter.com\/MexRoja\/status\/1348678982237966338?ref_src=twsrc%5Etfw\">11 de enero de 2021<\/a><\/blockquote><\/div>\n<\/div><\/figure>\n\n\n\n<p>Guzm\u00e1n D\u00edaz detall\u00f3 que actualmente se considera la propuesta de llevar a cabo las sesiones de manera virtual como se ha propuesto por algunos actores pol\u00edticos al interior del recinto, asegurando que de ser necesario y dadas las condiciones actuales de la pandemia se implementar\u00edan.&nbsp;<\/p>\n\n\n\n<p>As\u00ed mismo, la tambi\u00e9n representante de la bancada de Morena exhort\u00f3 a la ciudadana a actuar de manera consiente, asumir su responsabilidad para el cuidado de la salud personal y colectiva, misma que permita reducir el n\u00famero de casos que lamentablemente va al alza.<\/p>\n\n\n\n<p>\u201cQuienes desacatamos las medidas sanitarias somos los ciudadanos. Yo creo que s\u00ed deber\u00eda de haber m\u00e1s conciencia de parte de nuestra y no esperar que haya m\u00e1s contagios\u201d, sentenci\u00f3.&nbsp;<\/p>\n\n\n\n<p>Y es que, m\u00e1s que un llamado a las autoridades que dijo de alguna manera hacen lo propio, la diputada indic\u00f3 que en toda la entidad hace falta una conciencia social sobre la gravedad de la pandemia y actuar en consecuencia, de lo contrario ninguna medida de los gobiernos servir\u00e1 para contenerla.&nbsp;<\/p>\n","protected":false},"excerpt":{"rendered":"<p>Evlin Arag\u00f3n\/Zona Roja. Oaxaca de Ju\u00e1rez, Oax., 11 de enero de 2021.- \u201cSe est\u00e1 actuando&hellip;<\/p>\n","protected":false},"author":2,"featured_media":22318,"comment_status":"closed","ping_status":"open","sticky":false,"template":"","format":"standard","meta":{"_lmt_disableupdate":"","_lmt_disable":"","_jetpack_memberships_contains_paid_content":false,"footnotes":""},"categories":[109,46],"tags":[2212],"class_list":["post-22317","post","type-post","status-publish","format-standard","has-post-thumbnail","hentry","category-minuto-a-minuto","category-zona-blanca","tag-delfina-elizabeth-guzman-diaz"],"jetpack_featured_media_url":"https:\/\/zonaroja.com.mx\/wp-content\/uploads\/2021\/01\/Delfina-Guzman-D..jpg","jetpack_sharing_enabled":true,"_links":{"self":[{"href":"https:\/\/zonaroja.com.mx\/index.php?rest_route=\/wp\/v2\/posts\/22317","targetHints":{"allow":["GET"]}}],"collection":[{"href":"https:\/\/zonaroja.com.mx\/index.php?rest_route=\/wp\/v2\/posts"}],"about":[{"href":"https:\/\/zonaroja.com.mx\/index.php?rest_route=\/wp\/v2\/types\/post"}],"author":[{"embeddable":true,"href":"https:\/\/zonaroja.com.mx\/index.php?rest_route=\/wp\/v2\/users\/2"}],"replies":[{"embeddable":true,"href":"https:\/\/zonaroja.com.mx\/index.php?rest_route=%2Fwp%2Fv2%2Fcomments&post=22317"}],"version-history":[{"count":1,"href":"https:\/\/zonaroja.com.mx\/index.php?rest_route=\/wp\/v2\/posts\/22317\/revisions"}],"predecessor-version":[{"id":22319,"href":"https:\/\/zonaroja.com.mx\/index.php?rest_route=\/wp\/v2\/posts\/22317\/revisions\/22319"}],"wp:featuredmedia":[{"embeddable":true,"href":"https:\/\/zonaroja.com.mx\/index.php?rest_route=\/wp\/v2\/media\/22318"}],"wp:attachment":[{"href":"https:\/\/zonaroja.com.mx\/index.php?rest_route=%2Fwp%2Fv2%2Fmedia&parent=22317"}],"wp:term":[{"taxonomy":"category","embeddable":true,"href":"https:\/\/zonaroja.com.mx\/index.php?rest_route=%2Fwp%2Fv2%2Fcategories&post=22317"},{"taxonomy":"post_tag","embeddable":true,"href":"https:\/\/zonaroja.com.mx\/index.php?rest_route=%2Fwp%2Fv2%2Ftags&post=22317"}],"curies":[{"name":"wp","href":"https:\/\/api.w.org\/{rel}","templated":true}]}}