{"id":2232,"date":"2019-07-13T18:11:34","date_gmt":"2019-07-13T23:11:34","guid":{"rendered":"http:\/\/www.zonaroja.com.mx\/?p=2232"},"modified":"2019-07-13T18:11:36","modified_gmt":"2019-07-13T23:11:36","slug":"oaxaquenos-retienen-a-15-habitantes-del-estado-de-guerrero","status":"publish","type":"post","link":"https:\/\/zonaroja.com.mx\/?p=2232","title":{"rendered":"Oaxaque\u00f1os retienen a 15 habitantes del estado de Guerrero"},"content":{"rendered":"\n<p>Redacci\u00f3n<\/p>\n\n\n\n<p>Oaxaca de\nJu\u00e1rez, Oax., 13 de julio de 2019.- Derivado de un conflicto agrario, que ha\ndejado una persona asesinada esta semana, oaxaque\u00f1os del municipio de Coicoy\u00e1n de\nlas Flores mantienen retenidos a 15 individuos del estado de Guerrero.<\/p>\n\n\n\n<p>Desde el\npasado martes resurgi\u00f3 el conflicto agrario que data de hace m\u00e1s de siete\nd\u00e9cadas, por la disputa de 49 hect\u00e1reas de tierras de cultivo, seg\u00fan report\u00f3 el\nsitio informativo <a href=\"http:\/\/www.posta.com.mx\">www.posta.com.mx<\/a><\/p>\n\n\n\n<p>Este 9 de\njulio, pobladores de El Jicaral, agencia de Coicoy\u00e1n, atacaron a balazos a sus\nvecinos de Jicay\u00e1n de Tovar, Guerrero, lo que dej\u00f3 como saldo una persona\nasesinada, <\/p>\n\n\n\n<p>Ferm\u00edn\nBartolo Mendoza, adem\u00e1s de que balearon a Florentino Paz Toribio, Reynaldo\nL\u00f3pez Rodr\u00edguez y Silvestre L\u00f3pez L\u00f3pez.<\/p>\n\n\n\n<p>\u201cVersiones\noficiales refieren que ambos grupos se mantienen armados y vigilantes,\nguarecidos y blandiendo rifles de alto poder, incluso portando miras\ntelesc\u00f3picas de cuernos de chivo y R-15, en cerros y sitios agrestes en las\ninmediaciones de los dos pueblos, en pugna por las tierras lim\u00edtrofes\u201d, refiere\nel medio informativo de Guerrero.<\/p>\n\n\n\n<p>Tras el\nataque, los habitantes de Jicay\u00e1n de Tovar detuvieron a tres de los que\nirrumpieron en su comunidad, uno de ellos menor de edad, y los mantienen\nretenidos en la comisar\u00eda por el homicidio de Ferm\u00edn Bartolo Mendoza. <\/p>\n\n\n\n<p>En\nrepresalia, los de El Jicaral, detuvieron a 15 ciudadanos de las comunidades de\nSan Pedro Cuitlapa y El Coyul, ambas del municipio de Tlacoachistlahuaca.<\/p>\n\n\n\n<p>\u201cAutoridades\nrevelaron primeramente que en la comisar\u00eda de Jicay\u00e1n de Tovar se reunieron el\nalcalde de Tlacoachistlahuaca, Basilio Florentino D\u00edaz, y el presidente de la\nProcuradur\u00eda Agraria, Rigoberto Mor\u00e1n. Trascendi\u00f3 que los pobladores de Jicay\u00e1n\nexigen beneficios a la Secretar\u00eda de Seguridad P\u00fablica de Guerrero, pues en el\nlugar de los hechos hay muchos terrenos agrestes\u201d.<\/p>\n\n\n\n<p>El gobierno\nde Oaxaca no se ha pronunciado al respecto.<\/p>\n","protected":false},"excerpt":{"rendered":"<p>Redacci\u00f3n Oaxaca de Ju\u00e1rez, Oax., 13 de julio de 2019.- Derivado de un conflicto agrario,&hellip;<\/p>\n","protected":false},"author":2,"featured_media":2233,"comment_status":"closed","ping_status":"open","sticky":false,"template":"","format":"standard","meta":{"_lmt_disableupdate":"","_lmt_disable":"","_jetpack_memberships_contains_paid_content":false,"footnotes":""},"categories":[109,51],"tags":[338,339,80],"class_list":["post-2232","post","type-post","status-publish","format-standard","has-post-thumbnail","hentry","category-minuto-a-minuto","category-zona-roja","tag-coicoyan-de-las-flores","tag-el-jicaral","tag-guerrero"],"jetpack_featured_media_url":"https:\/\/zonaroja.com.mx\/wp-content\/uploads\/2019\/07\/Oaxaca-Guerrero.jpg","jetpack_sharing_enabled":true,"_links":{"self":[{"href":"https:\/\/zonaroja.com.mx\/index.php?rest_route=\/wp\/v2\/posts\/2232","targetHints":{"allow":["GET"]}}],"collection":[{"href":"https:\/\/zonaroja.com.mx\/index.php?rest_route=\/wp\/v2\/posts"}],"about":[{"href":"https:\/\/zonaroja.com.mx\/index.php?rest_route=\/wp\/v2\/types\/post"}],"author":[{"embeddable":true,"href":"https:\/\/zonaroja.com.mx\/index.php?rest_route=\/wp\/v2\/users\/2"}],"replies":[{"embeddable":true,"href":"https:\/\/zonaroja.com.mx\/index.php?rest_route=%2Fwp%2Fv2%2Fcomments&post=2232"}],"version-history":[{"count":1,"href":"https:\/\/zonaroja.com.mx\/index.php?rest_route=\/wp\/v2\/posts\/2232\/revisions"}],"predecessor-version":[{"id":2234,"href":"https:\/\/zonaroja.com.mx\/index.php?rest_route=\/wp\/v2\/posts\/2232\/revisions\/2234"}],"wp:featuredmedia":[{"embeddable":true,"href":"https:\/\/zonaroja.com.mx\/index.php?rest_route=\/wp\/v2\/media\/2233"}],"wp:attachment":[{"href":"https:\/\/zonaroja.com.mx\/index.php?rest_route=%2Fwp%2Fv2%2Fmedia&parent=2232"}],"wp:term":[{"taxonomy":"category","embeddable":true,"href":"https:\/\/zonaroja.com.mx\/index.php?rest_route=%2Fwp%2Fv2%2Fcategories&post=2232"},{"taxonomy":"post_tag","embeddable":true,"href":"https:\/\/zonaroja.com.mx\/index.php?rest_route=%2Fwp%2Fv2%2Ftags&post=2232"}],"curies":[{"name":"wp","href":"https:\/\/api.w.org\/{rel}","templated":true}]}}