{"id":22320,"date":"2021-01-11T22:23:29","date_gmt":"2021-01-12T04:23:29","guid":{"rendered":"http:\/\/www.zonaroja.com.mx\/?p=22320"},"modified":"2021-01-11T22:23:36","modified_gmt":"2021-01-12T04:23:36","slug":"en-solo-tres-dias-registra-oaxaca-566-casos-positivos-a-covid-hospitales-llenos","status":"publish","type":"post","link":"https:\/\/zonaroja.com.mx\/?p=22320","title":{"rendered":"En s\u00f3lo tres d\u00edas, registra Oaxaca 566 casos positivos a Covid; hospitales llenos"},"content":{"rendered":"\n<p>Redacci\u00f3n\/Zona Roja.<\/p>\n\n\n\n<p>Oaxaca de Ju\u00e1rez, Oax., 11 de enero de 2021.- En tan s\u00f3lo tres d\u00edas, de s\u00e1bado a lunes, Oaxaca registr\u00f3 566 casos positivos a Covid, as\u00ed como 34 fallecimientos.<\/p>\n\n\n\n<p>En tanto, este d\u00eda, los Servicios de Salud de la entidad reportaron dos hospitales al 100 por ciento de pacientes con la enfermedad, el Regional de Alta Especialidad y el de la Ni\u00f1ez Oaxaque\u00f1a, al igual que los hospitales privados que ofrecen esta atenci\u00f3n, mientras que el del ISSSTE est\u00e1 al 81.8 por ciento de su capacidad.<\/p>\n\n\n\n<p>En un comunicado, la instituci\u00f3n oficial confirm\u00f3 que al corte epidemiol\u00f3gico de este lunes 11 de enero, se han registrado 566 casos nuevos de Covid-19, los cuales corresponden del 9 al 11 de enero, sumando 29 mil 892 acumulados en la entidad.<\/p>\n\n\n\n<p>Detall\u00f3 que se han notificado 47 mil 787 casos, de los cuales 13 mil 437 han sido negativos, hay cuatro mil 458 sospechosos, 27 mil 016 se han recuperado y lamentablemente se registraron hoy nueve decesos, sumando dos mil 220 defunciones de manera acumulada.<\/p>\n\n\n\n<p>Refiri\u00f3 que la Jurisdicci\u00f3n Sanitaria n\u00famero uno Valles Centrales contabiliza 20 mil 570 casos confirmados y mil 169 defunciones; Istmo dos mil 553 y 339 fallecimientos; Mixteca dos mil 241 y 197 decesos; Tuxtepec dos mil 068 y 285 muertes; Costa mil 504 y 148 defunciones; y Sierra 956 y 82 defunciones.<\/p>\n\n\n\n<figure class=\"wp-block-embed-twitter wp-block-embed is-type-rich is-provider-twitter\"><div class=\"wp-block-embed__wrapper\">\n<div class=\"twitter-tweet\"><blockquote class=\"twitter-tweet\" data-lang=\"es\"><p lang=\"es\" dir=\"ltr\"><a href=\"https:\/\/twitter.com\/hashtag\/%C3%9AltimoMinuto?src=hash&amp;ref_src=twsrc%5Etfw\">#\u00daltimoMinuto<\/a><br>En <a href=\"https:\/\/twitter.com\/hashtag\/Oaxaca?src=hash&amp;ref_src=twsrc%5Etfw\">#Oaxaca<\/a> el Covid no da tregua; este lunes los Servicios de Salud de la entidad reportaron nueve fallecimientos, para un total de dos mil 220 decesos, as\u00ed como 136 casos positivos, para un acumulado de 29 mil 892 confirmados.<a href=\"https:\/\/twitter.com\/hashtag\/Qu%C3%A9dateEnCasa?src=hash&amp;ref_src=twsrc%5Etfw\">#Qu\u00e9dateEnCasa<\/a> <a href=\"https:\/\/t.co\/OxKDtyneik\">pic.twitter.com\/OxKDtyneik<\/a><\/p>&mdash; Zona Roja Oaxaca (@MexRoja) <a href=\"https:\/\/twitter.com\/MexRoja\/status\/1348817247712763906?ref_src=twsrc%5Etfw\">12 de enero de 2021<\/a><\/blockquote><\/div>\n<\/div><\/figure>\n\n\n\n<p>Mencion\u00f3 que los 566 casos nuevos de Covid-19, se registraron en 97 municipios, siendo el de Oaxaca de Ju\u00e1rez el que mayor n\u00famero de contagios con 162, San Juan Bautista Tuxtepec 49, Huajuapan de Le\u00f3n 44, Santa Cruz Xoxocotl\u00e1n 36, Santa Luc\u00eda del Camino 28, Santa Mar\u00eda Atzompa 18, San Jacinto Amilpas y San Lorenzo Cacaotepec 11 cada uno; el resto nueve, ocho, siete, seis, cinco, cuatro, tres, dos y un caso.<\/p>\n\n\n\n<p>A\u00f1adi\u00f3 que hay 656 casos activos, de los cuales la Jurisdicci\u00f3n Sanitaria n\u00famero uno Valles Centrales registra 422, Mixteca 91, Tuxtepec 61, Istmo 35, Costa 25 y Sierra 22.<\/p>\n\n\n\n<p>Destac\u00f3 que en relaci\u00f3n a la ocupaci\u00f3n hospitalaria para la atenci\u00f3n de pacientes con COVID-19, hay un global del 55.5%, de los cuales el 65% son camas sin ventilador y el 45.5% de camas con ventilador.<\/p>\n\n\n\n<p>Record\u00f3 a la poblaci\u00f3n reducir la movilidad, y continuar con las medidas sanitarias, como el uso del cubrebocas de forma correcta que cubra nariz y boca, evitar salir o hacer fiestas, mantener la sana distancia, lavado de manos, \u201cya que la participaci\u00f3n de todas y todos es fundamental para frenar los contagios\u201d, finaliz\u00f3.<\/p>\n","protected":false},"excerpt":{"rendered":"<p>Redacci\u00f3n\/Zona Roja. Oaxaca de Ju\u00e1rez, Oax., 11 de enero de 2021.- En tan s\u00f3lo tres&hellip;<\/p>\n","protected":false},"author":2,"featured_media":22321,"comment_status":"closed","ping_status":"open","sticky":false,"template":"","format":"standard","meta":{"_lmt_disableupdate":"","_lmt_disable":"","_jetpack_memberships_contains_paid_content":false,"footnotes":""},"categories":[109,47],"tags":[1512],"class_list":["post-22320","post","type-post","status-publish","format-standard","has-post-thumbnail","hentry","category-minuto-a-minuto","category-zona-gris","tag-coronavirus-oaxaca"],"jetpack_featured_media_url":"https:\/\/zonaroja.com.mx\/wp-content\/uploads\/2021\/01\/SSO-1.jpeg","jetpack_sharing_enabled":true,"_links":{"self":[{"href":"https:\/\/zonaroja.com.mx\/index.php?rest_route=\/wp\/v2\/posts\/22320","targetHints":{"allow":["GET"]}}],"collection":[{"href":"https:\/\/zonaroja.com.mx\/index.php?rest_route=\/wp\/v2\/posts"}],"about":[{"href":"https:\/\/zonaroja.com.mx\/index.php?rest_route=\/wp\/v2\/types\/post"}],"author":[{"embeddable":true,"href":"https:\/\/zonaroja.com.mx\/index.php?rest_route=\/wp\/v2\/users\/2"}],"replies":[{"embeddable":true,"href":"https:\/\/zonaroja.com.mx\/index.php?rest_route=%2Fwp%2Fv2%2Fcomments&post=22320"}],"version-history":[{"count":1,"href":"https:\/\/zonaroja.com.mx\/index.php?rest_route=\/wp\/v2\/posts\/22320\/revisions"}],"predecessor-version":[{"id":22322,"href":"https:\/\/zonaroja.com.mx\/index.php?rest_route=\/wp\/v2\/posts\/22320\/revisions\/22322"}],"wp:featuredmedia":[{"embeddable":true,"href":"https:\/\/zonaroja.com.mx\/index.php?rest_route=\/wp\/v2\/media\/22321"}],"wp:attachment":[{"href":"https:\/\/zonaroja.com.mx\/index.php?rest_route=%2Fwp%2Fv2%2Fmedia&parent=22320"}],"wp:term":[{"taxonomy":"category","embeddable":true,"href":"https:\/\/zonaroja.com.mx\/index.php?rest_route=%2Fwp%2Fv2%2Fcategories&post=22320"},{"taxonomy":"post_tag","embeddable":true,"href":"https:\/\/zonaroja.com.mx\/index.php?rest_route=%2Fwp%2Fv2%2Ftags&post=22320"}],"curies":[{"name":"wp","href":"https:\/\/api.w.org\/{rel}","templated":true}]}}