{"id":22323,"date":"2021-01-12T07:31:06","date_gmt":"2021-01-12T13:31:06","guid":{"rendered":"http:\/\/www.zonaroja.com.mx\/?p=22323"},"modified":"2021-01-12T07:31:10","modified_gmt":"2021-01-12T13:31:10","slug":"asegura-el-pan-que-es-segunda-fuerza-electoral-en-capital-de-oaxaca-e-ira-sin-alianza","status":"publish","type":"post","link":"https:\/\/zonaroja.com.mx\/?p=22323","title":{"rendered":"Asegura el PAN que es segunda fuerza electoral en capital de Oaxaca e ir\u00e1 sin alianza"},"content":{"rendered":"\n<p>Redacci\u00f3n\/Zona Roja.<\/p>\n\n\n\n<p>Oaxaca de Ju\u00e1rez, Oax., 12 de enero de 2021.- El Partido Acci\u00f3n Nacional (PAN) asegur\u00f3 que se mantiene como la segunda fuerza electoral en el municipio de Oaxaca de Ju\u00e1rez, por lo que prev\u00e9 contender sin alianza en los comicios municipales.<\/p>\n\n\n\n<p>En un comunicado, inform\u00f3 que este lunes se efectu\u00f3 la sesi\u00f3n ordinaria del Comit\u00e9 Municipal del partido, donde se reiter\u00f3 como la opci\u00f3n m\u00e1s viable de gobierno en la capital.<\/p>\n\n\n\n<p>Entre los acuerdos alcanzados, destaca la propuesta de que el PAN compita solo en la elecci\u00f3n a la presidencia municipal y, en caso de que se concrete una candidatura com\u00fan con otras fuerzas pol\u00edticas, acompa\u00f1arla \u00fanicamente con la condici\u00f3n de que Acci\u00f3n Nacional encabece el proyecto.<\/p>\n\n\n\n<p>La presidenta del Comit\u00e9 Directivo Municipal, Laura Aguilar Chagoya, inform\u00f3 que los acuerdos fueron tomados por unanimidad de los integrantes, los cuales tienen el objetivo de perfilar al PAN como la propuesta m\u00e1s s\u00f3lida para ganar la elecci\u00f3n a la presidencia municipal de Oaxaca de Ju\u00e1rez.<\/p>\n\n\n\n<p>\u201cActualmente somos la segunda fuerza pol\u00edtica en el municipio y contamos afortunadamente, hasta el momento, con tres excelentes mujeres panistas que han mostrado trabajo, voluntad y capacidad para gobernar nuestra ciudad. Creemos que las condiciones est\u00e1n dadas para que Oaxaca de Ju\u00e1rez elija por primera vez en su historia, a una presidenta municipal y nosotros no tenemos dudas, de que ser\u00e1 panista\u201d<\/p>\n\n\n\n<p>Laura Aguilar tambi\u00e9n destac\u00f3 que otro acuerdo importante fue la solicitud al Comit\u00e9 Ejecutivo Nacional del PAN para que con sus atribuciones pueda acordar una acci\u00f3n afirmativa de g\u00e9nero para que el municipio de Oaxaca de Ju\u00e1rez se etiquete la candidatura por raz\u00f3n de g\u00e9nero para una mujer, esto porque hasta el momento s\u00f3lo han sido mujeres quienes han mostrado su intenci\u00f3n de contender por la presidencia municipal.<\/p>\n\n\n\n<p>La dirigente municipal panista se\u00f1al\u00f3 que el Comit\u00e9 Municipal del PAN estar\u00e1 atento a los tiempos y reuniones que haya que entablar para garantizar los acuerdos tomados al seno de su organismo pol\u00edtico, los cuales tienen la finalidad de construir un proyecto pol\u00edtico s\u00f3lido y viable en Oaxaca de Ju\u00e1rez.<\/p>\n\n\n\n<p>\u201cEn las colonias del municipio se reconoce el gran trabajo que las administraciones panistas han dejado y si las comparamos con la actual administraci\u00f3n municipal morenista, sin duda, nuestros gobiernos por mucho son mejores. Por ello, sabemos que hay una gran posibilidad de volver a gobernar el municipio y de llevar a nuestra ciudad a un mejor destino del que hasta ahora le ha dado un gobierno de improvisaciones como el que tenemos\u201d, concluy\u00f3.<\/p>\n","protected":false},"excerpt":{"rendered":"<p>Redacci\u00f3n\/Zona Roja. Oaxaca de Ju\u00e1rez, Oax., 12 de enero de 2021.- El Partido Acci\u00f3n Nacional&hellip;<\/p>\n","protected":false},"author":2,"featured_media":22324,"comment_status":"closed","ping_status":"open","sticky":false,"template":"","format":"standard","meta":{"_lmt_disableupdate":"","_lmt_disable":"","_jetpack_memberships_contains_paid_content":false,"footnotes":""},"categories":[109,46],"tags":[2364],"class_list":["post-22323","post","type-post","status-publish","format-standard","has-post-thumbnail","hentry","category-minuto-a-minuto","category-zona-blanca","tag-partido-accion-nacional-pan-oaxaca"],"jetpack_featured_media_url":"https:\/\/zonaroja.com.mx\/wp-content\/uploads\/2021\/01\/Partido-Accion-Nacional.jpg","jetpack_sharing_enabled":true,"_links":{"self":[{"href":"https:\/\/zonaroja.com.mx\/index.php?rest_route=\/wp\/v2\/posts\/22323","targetHints":{"allow":["GET"]}}],"collection":[{"href":"https:\/\/zonaroja.com.mx\/index.php?rest_route=\/wp\/v2\/posts"}],"about":[{"href":"https:\/\/zonaroja.com.mx\/index.php?rest_route=\/wp\/v2\/types\/post"}],"author":[{"embeddable":true,"href":"https:\/\/zonaroja.com.mx\/index.php?rest_route=\/wp\/v2\/users\/2"}],"replies":[{"embeddable":true,"href":"https:\/\/zonaroja.com.mx\/index.php?rest_route=%2Fwp%2Fv2%2Fcomments&post=22323"}],"version-history":[{"count":1,"href":"https:\/\/zonaroja.com.mx\/index.php?rest_route=\/wp\/v2\/posts\/22323\/revisions"}],"predecessor-version":[{"id":22325,"href":"https:\/\/zonaroja.com.mx\/index.php?rest_route=\/wp\/v2\/posts\/22323\/revisions\/22325"}],"wp:featuredmedia":[{"embeddable":true,"href":"https:\/\/zonaroja.com.mx\/index.php?rest_route=\/wp\/v2\/media\/22324"}],"wp:attachment":[{"href":"https:\/\/zonaroja.com.mx\/index.php?rest_route=%2Fwp%2Fv2%2Fmedia&parent=22323"}],"wp:term":[{"taxonomy":"category","embeddable":true,"href":"https:\/\/zonaroja.com.mx\/index.php?rest_route=%2Fwp%2Fv2%2Fcategories&post=22323"},{"taxonomy":"post_tag","embeddable":true,"href":"https:\/\/zonaroja.com.mx\/index.php?rest_route=%2Fwp%2Fv2%2Ftags&post=22323"}],"curies":[{"name":"wp","href":"https:\/\/api.w.org\/{rel}","templated":true}]}}