{"id":22326,"date":"2021-01-12T07:40:04","date_gmt":"2021-01-12T13:40:04","guid":{"rendered":"http:\/\/www.zonaroja.com.mx\/?p=22326"},"modified":"2021-01-12T07:40:08","modified_gmt":"2021-01-12T13:40:08","slug":"privilegia-amlo-a-televisa-tv-azteca-y-la-jornada-en-publicidad","status":"publish","type":"post","link":"https:\/\/zonaroja.com.mx\/?p=22326","title":{"rendered":"Privilegia AMLO a Televisa, Tv Azteca y \u201cLa Jornada\u201d en publicidad"},"content":{"rendered":"\n<p>Redacci\u00f3n\/Zona Roja Cdmx.<\/p>\n\n\n\n<p>Ciudad de M\u00e9xico (12 enero 2021).- Televisa, \u201cLa Jornada\u201d y TV Azteca encabezan la lista de las 10 empresas de medios de comunicaci\u00f3n que m\u00e1s recursos federales recibieron en el a\u00f1o 2020 con 17, 51 y 24 contratos por 147, 144 y 141 millones de pesos, respectivamente.<\/p>\n\n\n\n<p>El an\u00e1lisis lo hizo la asociaci\u00f3n civil Mexicanos Contra la Corrupci\u00f3n y la Impunidad (MCCI) y publicado por el diario \u201cReforma\u201d, entre otros medios de comunicaci\u00f3n.<\/p>\n\n\n\n<p>Las tres empresas concentran el 66 por ciento de los 654 millones de pesos por Gastos en Comunicaci\u00f3n Social del Gobierno federal, seg\u00fan datos de la Secretar\u00eda de la Funci\u00f3n P\u00fablica (SFP).<\/p>\n\n\n\n<p>Medios Masivos Mexicanos (94.2 millones de pesos), Grupo de Radiodifusoras (57.9), Organizaci\u00f3n Editorial Acuario (41.6), Telef\u00f3rmula (41.4), Centro de Cultura Nuestra Am\u00e9rica (34.9), \u201cMilenio Diario\u201d (31.1) y Grupo Radio Centro (30.5 millones de pesos) son las otras siete empresas con m\u00e1s recursos obtenidos en ese a\u00f1o, de acuerdo con un reportaje de Investigaci\u00f3n Aplicada y Mexicanos Contra la Corrupci\u00f3n y la Impunidad (MCCI).<\/p>\n\n\n\n<p>El gasto de 654 millones de pesos de ese a\u00f1o est\u00e1 muy por abajo de los 9 mil 132.7 millones de pesos ejercidos en ese rubro por el Gobierno de Enrique Pe\u00f1a Nieto en su \u00faltimo a\u00f1o de gesti\u00f3n.<\/p>\n","protected":false},"excerpt":{"rendered":"<p>Redacci\u00f3n\/Zona Roja Cdmx. Ciudad de M\u00e9xico (12 enero 2021).- Televisa, \u201cLa Jornada\u201d y TV Azteca&hellip;<\/p>\n","protected":false},"author":2,"featured_media":22327,"comment_status":"closed","ping_status":"open","sticky":false,"template":"","format":"standard","meta":{"_lmt_disableupdate":"","_lmt_disable":"","_jetpack_memberships_contains_paid_content":false,"footnotes":""},"categories":[109,47],"tags":[143],"class_list":["post-22326","post","type-post","status-publish","format-standard","has-post-thumbnail","hentry","category-minuto-a-minuto","category-zona-gris","tag-andres-manuel-lopez-obrador"],"jetpack_featured_media_url":"https:\/\/zonaroja.com.mx\/wp-content\/uploads\/2021\/01\/Conferencia-mananaera-AMLO.jpg","jetpack_sharing_enabled":true,"_links":{"self":[{"href":"https:\/\/zonaroja.com.mx\/index.php?rest_route=\/wp\/v2\/posts\/22326","targetHints":{"allow":["GET"]}}],"collection":[{"href":"https:\/\/zonaroja.com.mx\/index.php?rest_route=\/wp\/v2\/posts"}],"about":[{"href":"https:\/\/zonaroja.com.mx\/index.php?rest_route=\/wp\/v2\/types\/post"}],"author":[{"embeddable":true,"href":"https:\/\/zonaroja.com.mx\/index.php?rest_route=\/wp\/v2\/users\/2"}],"replies":[{"embeddable":true,"href":"https:\/\/zonaroja.com.mx\/index.php?rest_route=%2Fwp%2Fv2%2Fcomments&post=22326"}],"version-history":[{"count":1,"href":"https:\/\/zonaroja.com.mx\/index.php?rest_route=\/wp\/v2\/posts\/22326\/revisions"}],"predecessor-version":[{"id":22328,"href":"https:\/\/zonaroja.com.mx\/index.php?rest_route=\/wp\/v2\/posts\/22326\/revisions\/22328"}],"wp:featuredmedia":[{"embeddable":true,"href":"https:\/\/zonaroja.com.mx\/index.php?rest_route=\/wp\/v2\/media\/22327"}],"wp:attachment":[{"href":"https:\/\/zonaroja.com.mx\/index.php?rest_route=%2Fwp%2Fv2%2Fmedia&parent=22326"}],"wp:term":[{"taxonomy":"category","embeddable":true,"href":"https:\/\/zonaroja.com.mx\/index.php?rest_route=%2Fwp%2Fv2%2Fcategories&post=22326"},{"taxonomy":"post_tag","embeddable":true,"href":"https:\/\/zonaroja.com.mx\/index.php?rest_route=%2Fwp%2Fv2%2Ftags&post=22326"}],"curies":[{"name":"wp","href":"https:\/\/api.w.org\/{rel}","templated":true}]}}