{"id":22329,"date":"2021-01-12T07:54:46","date_gmt":"2021-01-12T13:54:46","guid":{"rendered":"http:\/\/www.zonaroja.com.mx\/?p=22329"},"modified":"2021-01-12T12:19:22","modified_gmt":"2021-01-12T18:19:22","slug":"alcanza-alejandro-murat-500-feminicidios-en-cuatro-anos-de-gobierno","status":"publish","type":"post","link":"https:\/\/zonaroja.com.mx\/?p=22329","title":{"rendered":"Alcanza Alejandro Murat 500 feminicidios en cuatro a\u00f1os de gobierno"},"content":{"rendered":"\n<p>Evlin Arag\u00f3n\/Zona Roja.<\/p>\n\n\n\n<p>Oaxaca de Ju\u00e1rez, Oax., 12 de enero de 2021.- A sus 20 a\u00f1os de edad, Arleth Azucena R. L., se ha convertido en el feminicidio n\u00famero 500 de este sexenio, encabezado por Alejandro Murat Hinojosa, que no ha podido contener la ola de violencia feminicida que se registra con todo y la pandemia.   <\/p>\n\n\n\n<p>El cuerpo sin vida de la joven fue localizado este s\u00e1bado en un predio ubicado en inmediaciones de San Antonio de la Cal. La causa de la muerte: asfixia mec\u00e1nica por estrangulamiento.&nbsp;&nbsp;<\/p>\n\n\n\n<p>Arleth, quien viv\u00eda en el municipio de Cuil\u00e1pam de Guerrero y se dedicaba a las ventas, no le hac\u00eda da\u00f1o a nadie. Al menos eso expresaron sus familiares quienes reclamaron el cuerpo y pidieron que se investigue a profundidad el caso para dar con el paradero de los responsables. <\/p>\n\n\n\n<p>En lo que va de este 2021, son cinco las mujeres que han sido asesinadas de forma violenta en la entidad oaxaque\u00f1a, mismas que dan un total de 500 feminicidios en lo que va de la administraci\u00f3n, que est\u00e1 a punto de convertirse en el sexenio m\u00e1s violento para las oaxaque\u00f1as.  <\/p>\n\n\n\n<p class=\"MsoNormal\">Lo anterior de acuerdo con el seguimiento hemerogr\u00e1fico del Centro de Documentaci\u00f3n del Grupo de estudios sobre la mujer \u201cRosario Castellanos\u201d (GES Mujer), que reporta que, tras la declaratoria de Alerta de Violencia de G\u00e9nero, 285 mujeres han sido asesinadas de forma violenta en Oaxaca. <\/p>\n\n\n\n<p>Situaci\u00f3n que se traduce en nulos resultados por parte de las dependencias encargada de implementar acciones para prevenir, atender, sancionar y erradicar la violencia de g\u00e9nero y feminicida como son la Secretar\u00eda de las Mujeres de Oaxaca y la de Seguridad P\u00fablica, as\u00ed como la Fiscal\u00eda General del Estado.&nbsp;&nbsp;<\/p>\n\n\n\n<p>De los feminicidios ocurridos en lo que va de este a\u00f1o, dos se han registrado en los Valles Centrales, dos m\u00e1s en la Costa, y uno \u00faltimo en la Cuenca del Papaloapan, siendo las regiones que inician el 2021 con incidencia de violencia feminicida.  <\/p>\n\n\n\n<p>Lo cuerpos de las mujeres han sido localizados: al interior de su vivienda, en un comercio o negocio, a la orilla de carretera, en un barranco y en la v\u00eda p\u00fablica, respectivamente.&nbsp;&nbsp;<\/p>\n\n\n\n<p>Mientras que la causa de muerte en tres casos ha sido el impacto de bala, en uno m\u00e1s el estrangulamiento y en uno se desconoce a\u00fan.&nbsp;<\/p>\n\n\n\n<p>De los cinco feminicidios contabilizados hasta el momento, s\u00f3lo en uno se tiene identificado al presunto responsable, que result\u00f3 ser la pareja sentimental de la mujer asesinada.  <\/p>\n","protected":false},"excerpt":{"rendered":"<p>Evlin Arag\u00f3n\/Zona Roja. Oaxaca de Ju\u00e1rez, Oax., 12 de enero de 2021.- A sus 20&hellip;<\/p>\n","protected":false},"author":2,"featured_media":22330,"comment_status":"closed","ping_status":"open","sticky":false,"template":"","format":"standard","meta":{"_lmt_disableupdate":"","_lmt_disable":"","_jetpack_memberships_contains_paid_content":false,"footnotes":""},"categories":[109,47],"tags":[610],"class_list":["post-22329","post","type-post","status-publish","format-standard","has-post-thumbnail","hentry","category-minuto-a-minuto","category-zona-gris","tag-feminicidios-oaxaca"],"jetpack_featured_media_url":"https:\/\/zonaroja.com.mx\/wp-content\/uploads\/2021\/01\/Feminicidio-San-Antonio-de-la-Cal-2.jpg","jetpack_sharing_enabled":true,"_links":{"self":[{"href":"https:\/\/zonaroja.com.mx\/index.php?rest_route=\/wp\/v2\/posts\/22329","targetHints":{"allow":["GET"]}}],"collection":[{"href":"https:\/\/zonaroja.com.mx\/index.php?rest_route=\/wp\/v2\/posts"}],"about":[{"href":"https:\/\/zonaroja.com.mx\/index.php?rest_route=\/wp\/v2\/types\/post"}],"author":[{"embeddable":true,"href":"https:\/\/zonaroja.com.mx\/index.php?rest_route=\/wp\/v2\/users\/2"}],"replies":[{"embeddable":true,"href":"https:\/\/zonaroja.com.mx\/index.php?rest_route=%2Fwp%2Fv2%2Fcomments&post=22329"}],"version-history":[{"count":2,"href":"https:\/\/zonaroja.com.mx\/index.php?rest_route=\/wp\/v2\/posts\/22329\/revisions"}],"predecessor-version":[{"id":22337,"href":"https:\/\/zonaroja.com.mx\/index.php?rest_route=\/wp\/v2\/posts\/22329\/revisions\/22337"}],"wp:featuredmedia":[{"embeddable":true,"href":"https:\/\/zonaroja.com.mx\/index.php?rest_route=\/wp\/v2\/media\/22330"}],"wp:attachment":[{"href":"https:\/\/zonaroja.com.mx\/index.php?rest_route=%2Fwp%2Fv2%2Fmedia&parent=22329"}],"wp:term":[{"taxonomy":"category","embeddable":true,"href":"https:\/\/zonaroja.com.mx\/index.php?rest_route=%2Fwp%2Fv2%2Fcategories&post=22329"},{"taxonomy":"post_tag","embeddable":true,"href":"https:\/\/zonaroja.com.mx\/index.php?rest_route=%2Fwp%2Fv2%2Ftags&post=22329"}],"curies":[{"name":"wp","href":"https:\/\/api.w.org\/{rel}","templated":true}]}}