{"id":22332,"date":"2021-01-12T07:57:46","date_gmt":"2021-01-12T13:57:46","guid":{"rendered":"http:\/\/www.zonaroja.com.mx\/?p=22332"},"modified":"2021-01-12T07:57:52","modified_gmt":"2021-01-12T13:57:52","slug":"necesarios-cambios-estructurales-para-erradicar-violencia-de-genero-eduardo-pinacho","status":"publish","type":"post","link":"https:\/\/zonaroja.com.mx\/?p=22332","title":{"rendered":"Necesarios, cambios estructurales para erradicar violencia de g\u00e9nero: Eduardo Pinacho"},"content":{"rendered":"\n<p>Evlin Arag\u00f3n\/Zona Roja.<\/p>\n\n\n\n<p>Oaxaca de Ju\u00e1rez, Oax., 12 de enero de 2021.- El presidente del Tribunal Superior de Justicia de Oaxaca, Eduardo Pinacho S\u00e1nchez, asegur\u00f3 que son indispensables los cambios estructurales, al interior incluso de instituciones como el sistema de justicia, para erradicar la violencia de g\u00e9nero que afecta a m\u00e1s de la mitad de la poblaci\u00f3n en el pa\u00eds.&nbsp;<\/p>\n\n\n\n<p>Lo anterior en el marco de la reciente clausura en l\u00ednea del diplomado especializado para la Incorporaci\u00f3n del Enfoque de G\u00e9nero e Interseccional en las Resoluciones Jurisdiccionales, organizado por la Secretar\u00eda de las Mujeres de Oaxaca (SMO).<\/p>\n\n\n\n<p>Pinacho S\u00e1nchez asegur\u00f3 que, debido a los niveles de violencia que se viven en la actualidad, no basta con la emisi\u00f3n de normas de avanzada para erradicar la violencia de g\u00e9nero, sino que deben ir acompa\u00f1adas de cambios de car\u00e1cter estructural al interior de todas las instituciones p\u00fablicas, particularmente las que tienen que ver con la justicia.<\/p>\n\n\n\n<p>Y es que para el magistrado, de poco o nada sirve que se avance en materia de derechos humanos, si las instituciones no est\u00e1n adecuadas para garantizarlos.<\/p>\n\n\n\n<p>\u201cDe nada sirve que seamos titulares de derechos sino disponemos de los mecanismos y procedimientos judiciales que permitan hacer efectivos esos derechos\u201d, dijo.&nbsp;<\/p>\n\n\n\n<p>El titular del Poder Judicial reconoci\u00f3 que la sociedad vive profundos niveles de desigualdad y discriminaci\u00f3n, mismos que lamentablemente se traducen en violencia, de ah\u00ed que sea necesario trabajar en conjunto para reducir las brechas existentes entre mujeres y hombres.&nbsp;<\/p>\n\n\n\n<p>Por ello dijo, es importante que los operadores jur\u00eddicos se capaciten de manera constante para conocer y aplicar los nuevos lineamientos en materia de justicia con perspectiva de g\u00e9nero, ello en beneficio de ni\u00f1as y mujeres que lamentablemente son las m\u00e1s vulnerables ante la violencia.&nbsp;<\/p>\n\n\n\n<p>Particularmente dijo es indispensable la capacitaci\u00f3n y profesionalizaci\u00f3n de las juezas, jueces, magistradas, magistrados, secretarias y secretarios que forman parte de la estructura judicial, a fin de que puedan responder a las demandas que actualmente realizan las mujeres.&nbsp;<\/p>\n\n\n\n<p>\u201cEstamos conscientes de nuestra gran responsabilidad para erradicar la violencia hacia las mujeres y sobre esa l\u00ednea es que pretendemos trabajar dentro del Poder Judicial\u201d, se\u00f1al\u00f3.<\/p>\n\n\n\n<p>Finalmente reiter\u00f3 que su administraci\u00f3n est\u00e1 comprometida en la implementaci\u00f3n de la perspectiva de g\u00e9nero, a fin de obtener mejores resultados en la procuraci\u00f3n de justicia y contribuir en la erradicaci\u00f3n de la violencia de g\u00e9nero.&nbsp;<\/p>\n","protected":false},"excerpt":{"rendered":"<p>Evlin Arag\u00f3n\/Zona Roja. Oaxaca de Ju\u00e1rez, Oax., 12 de enero de 2021.- El presidente del&hellip;<\/p>\n","protected":false},"author":2,"featured_media":22137,"comment_status":"closed","ping_status":"open","sticky":false,"template":"","format":"standard","meta":{"_lmt_disableupdate":"","_lmt_disable":"","_jetpack_memberships_contains_paid_content":false,"footnotes":""},"categories":[109,46],"tags":[1225,223],"class_list":["post-22332","post","type-post","status-publish","format-standard","has-post-thumbnail","hentry","category-minuto-a-minuto","category-zona-blanca","tag-eduardo-pinacho-sanchez","tag-poder-judicial-de-oaxaca"],"jetpack_featured_media_url":"https:\/\/zonaroja.com.mx\/wp-content\/uploads\/2021\/01\/Eduardo-Pinacho-Sanchez.jpg","jetpack_sharing_enabled":true,"_links":{"self":[{"href":"https:\/\/zonaroja.com.mx\/index.php?rest_route=\/wp\/v2\/posts\/22332","targetHints":{"allow":["GET"]}}],"collection":[{"href":"https:\/\/zonaroja.com.mx\/index.php?rest_route=\/wp\/v2\/posts"}],"about":[{"href":"https:\/\/zonaroja.com.mx\/index.php?rest_route=\/wp\/v2\/types\/post"}],"author":[{"embeddable":true,"href":"https:\/\/zonaroja.com.mx\/index.php?rest_route=\/wp\/v2\/users\/2"}],"replies":[{"embeddable":true,"href":"https:\/\/zonaroja.com.mx\/index.php?rest_route=%2Fwp%2Fv2%2Fcomments&post=22332"}],"version-history":[{"count":1,"href":"https:\/\/zonaroja.com.mx\/index.php?rest_route=\/wp\/v2\/posts\/22332\/revisions"}],"predecessor-version":[{"id":22333,"href":"https:\/\/zonaroja.com.mx\/index.php?rest_route=\/wp\/v2\/posts\/22332\/revisions\/22333"}],"wp:featuredmedia":[{"embeddable":true,"href":"https:\/\/zonaroja.com.mx\/index.php?rest_route=\/wp\/v2\/media\/22137"}],"wp:attachment":[{"href":"https:\/\/zonaroja.com.mx\/index.php?rest_route=%2Fwp%2Fv2%2Fmedia&parent=22332"}],"wp:term":[{"taxonomy":"category","embeddable":true,"href":"https:\/\/zonaroja.com.mx\/index.php?rest_route=%2Fwp%2Fv2%2Fcategories&post=22332"},{"taxonomy":"post_tag","embeddable":true,"href":"https:\/\/zonaroja.com.mx\/index.php?rest_route=%2Fwp%2Fv2%2Ftags&post=22332"}],"curies":[{"name":"wp","href":"https:\/\/api.w.org\/{rel}","templated":true}]}}