{"id":22334,"date":"2021-01-12T08:02:43","date_gmt":"2021-01-12T14:02:43","guid":{"rendered":"http:\/\/www.zonaroja.com.mx\/?p=22334"},"modified":"2021-01-12T08:02:48","modified_gmt":"2021-01-12T14:02:48","slug":"atiende-amlo-solicitud-de-audiencia-por-desaparicion-de-victor-yodo-en-1978","status":"publish","type":"post","link":"https:\/\/zonaroja.com.mx\/?p=22334","title":{"rendered":"Atiende AMLO solicitud de audiencia por desaparici\u00f3n de V\u00edctor Yodo en 1978"},"content":{"rendered":"\n<p>Yuridiana Sosa\/Zona Roja.<\/p>\n\n\n\n<p>Oaxaca de Ju\u00e1rez, Oax., 12 de enero de 2021.- La poeta binizaa Irma Pineda, anunci\u00f3 que el Presidente Andr\u00e9s Manuel L\u00f3pez Obrador accedi\u00f3 a la solicitud de una audiencia para demandar verdad y justicia por la desaparici\u00f3n forzada de su padre, V\u00edctor Pineda Henestrosa, en 1978 en Juchit\u00e1n de Zaragoza.<\/p>\n\n\n\n<p>El pasado 7 de enero, el diario \u201cLa Jornada\u201d public\u00f3 una carta-solicitud de la familia y amigos de V\u00edctor Yodo para demandar atenci\u00f3n que durante m\u00e1s de 42 a\u00f1os ha sido ignorada por las autoridades federales.<\/p>\n\n\n\n<p>Tras ello la poeta zapoteca inform\u00f3 sobre la respuesta a la solicitud por medio de Radio Universidad, medio por el que dijo anunciar\u00eda sobre la atenci\u00f3n que el gobierno federal ofreci\u00f3 en la reuni\u00f3n que est\u00e1 programada a efectuarse en pr\u00f3ximos d\u00edas.<\/p>\n\n\n\n<p>En la petici\u00f3n publicada, la familia del luchador social y fundador de la organizaci\u00f3n social Coalici\u00f3n Obrera Campesina Estudiantil del Istmo (COCEI) expuso que ante la desatenci\u00f3n a otro oficio previo para una audiencia se presentar\u00eda un grupo de personas que exigen justicia en el caso en las instalaciones de la Secretar\u00eda de Gobierno el pr\u00f3ximo 2 de febrero.<\/p>\n\n\n\n<p>\u201cSu actual mandato nos abri\u00f3 una esperanza de contar con una investigaci\u00f3n seria y humana de la desaparici\u00f3n forzada de V\u00edctor Yodo\u201d, manifestaron en el escrito familiares y defensores sociales de Oaxaca.<\/p>\n\n\n\n<p>Irma Pineda indic\u00f3 que demandan conocer qu\u00e9 ocurri\u00f3 con su padre; si lo asesinaron, d\u00f3nde quedaron sus restos; por qu\u00e9 lo detuvieron y a d\u00f3nde se lo llevaron. Quieren conocer la verdad.<\/p>\n\n\n\n<p>As\u00ed como justicia contra los responsables, pues lo \u00fanico que conocen es que fue el Ej\u00e9rcito Mexicano quien lo detuvo en el centro de Juchit\u00e1n el 11 de junio de 1978.<\/p>\n\n\n\n<p>La poeta record\u00f3 que esta lucha de verdad y justicia la inici\u00f3 su abuela, luego su mam\u00e1 y ahora ella como hija, situaci\u00f3n que no desean heredar al resto de la familia.<\/p>\n\n\n\n<p>\u201cSigamos alzando la voz, exigiendo verdad justicia, mantengamos vivas la memoria de nuestras personas desparecidas\u201d, expres\u00f3 Irma Pineda para los familiares de personas que como ella son v\u00edctimas de una desaparici\u00f3n.<\/p>\n\n\n\n<p>En el \u00e1mbito local, sobre la justicia por este hecho, la poeta apunt\u00f3 que en alguna ocasi\u00f3n se intent\u00f3 mover el caso como parte de las demandas que se integraron en el \u00e1rea de Asuntos Magisteriales en la entonces Procuradur\u00eda de Justicia, pero no progres\u00f3.<\/p>\n\n\n\n<p>Sin embargo, tiempo despu\u00e9s, cuando intentaron recuperar el expediente la coordinadora para la Atenci\u00f3n de los Derechos Humanos del gobierno de Oaxaca, Norma Reyes Ter\u00e1n, dijo que los documentos pasaron a manos del Ej\u00e9rcito Mexicano.<\/p>\n\n\n\n<p>Motivo por el que responsabiliz\u00f3 al gobierno de Oaxaca de cualquier acto que en su contra pudiera registrarse, pues consideran un riesgo la exposici\u00f3n de esos archivos al sistema que estuvo involucrado en la desaparici\u00f3n de su padre.<\/p>\n","protected":false},"excerpt":{"rendered":"<p>Yuridiana Sosa\/Zona Roja. Oaxaca de Ju\u00e1rez, Oax., 12 de enero de 2021.- La poeta binizaa&hellip;<\/p>\n","protected":false},"author":2,"featured_media":22335,"comment_status":"closed","ping_status":"open","sticky":false,"template":"","format":"standard","meta":{"_lmt_disableupdate":"","_lmt_disable":"","_jetpack_memberships_contains_paid_content":false,"footnotes":""},"categories":[109,46],"tags":[2365],"class_list":["post-22334","post","type-post","status-publish","format-standard","has-post-thumbnail","hentry","category-minuto-a-minuto","category-zona-blanca","tag-victor-yodo"],"jetpack_featured_media_url":"https:\/\/zonaroja.com.mx\/wp-content\/uploads\/2021\/01\/Victor-Yodo.jpg","jetpack_sharing_enabled":true,"_links":{"self":[{"href":"https:\/\/zonaroja.com.mx\/index.php?rest_route=\/wp\/v2\/posts\/22334","targetHints":{"allow":["GET"]}}],"collection":[{"href":"https:\/\/zonaroja.com.mx\/index.php?rest_route=\/wp\/v2\/posts"}],"about":[{"href":"https:\/\/zonaroja.com.mx\/index.php?rest_route=\/wp\/v2\/types\/post"}],"author":[{"embeddable":true,"href":"https:\/\/zonaroja.com.mx\/index.php?rest_route=\/wp\/v2\/users\/2"}],"replies":[{"embeddable":true,"href":"https:\/\/zonaroja.com.mx\/index.php?rest_route=%2Fwp%2Fv2%2Fcomments&post=22334"}],"version-history":[{"count":1,"href":"https:\/\/zonaroja.com.mx\/index.php?rest_route=\/wp\/v2\/posts\/22334\/revisions"}],"predecessor-version":[{"id":22336,"href":"https:\/\/zonaroja.com.mx\/index.php?rest_route=\/wp\/v2\/posts\/22334\/revisions\/22336"}],"wp:featuredmedia":[{"embeddable":true,"href":"https:\/\/zonaroja.com.mx\/index.php?rest_route=\/wp\/v2\/media\/22335"}],"wp:attachment":[{"href":"https:\/\/zonaroja.com.mx\/index.php?rest_route=%2Fwp%2Fv2%2Fmedia&parent=22334"}],"wp:term":[{"taxonomy":"category","embeddable":true,"href":"https:\/\/zonaroja.com.mx\/index.php?rest_route=%2Fwp%2Fv2%2Fcategories&post=22334"},{"taxonomy":"post_tag","embeddable":true,"href":"https:\/\/zonaroja.com.mx\/index.php?rest_route=%2Fwp%2Fv2%2Ftags&post=22334"}],"curies":[{"name":"wp","href":"https:\/\/api.w.org\/{rel}","templated":true}]}}