{"id":22338,"date":"2021-01-12T16:26:25","date_gmt":"2021-01-12T22:26:25","guid":{"rendered":"http:\/\/www.zonaroja.com.mx\/?p=22338"},"modified":"2021-01-12T16:26:29","modified_gmt":"2021-01-12T22:26:29","slug":"tuxtepec-al-extremo-ejecutado-balacera-secuestro-de-empresario-en-un-solo-dia","status":"publish","type":"post","link":"https:\/\/zonaroja.com.mx\/?p=22338","title":{"rendered":"Tuxtepec al extremo: ejecutado, balacera secuestro de empresario en un solo d\u00eda"},"content":{"rendered":"\n<p>Redacci\u00f3n\/Zona Roja<\/p>\n\n\n\n<p>Oaxaca de Ju\u00e1rez, Oax., 12 de enero de 2021.- El municipio de San Juan Bautista Tuxtepec tuvo una intensa jornada de violencia en menos de mediod\u00eda.<\/p>\n\n\n\n<p>El secuestro de un empresario que posteriormente fue liberado; balacera en esa ciudad de la regi\u00f3n de la Cuenca del Papaloapan; una persona asesinada y la detenci\u00f3n de probables delincuentes.<\/p>\n\n\n\n<p>De acuerdo con informes preliminare, el homicidio doloso con arma de fuego se registr\u00f3 cerca de las 12:00 horas en la colonia San Antonio, donde tras los reportes de una serie de detonaciones arribaron elementos de seguridad de las distintas corporaciones localizaron el cuerpo sin vida de un var\u00f3n.<\/p>\n\n\n\n<p>La Guardia Nacional, la Polic\u00eda Estatal y elementos de la Agencia Estatal de Investigaciones acordonaron el \u00e1rea para realizar las diligencias correspondientes, as\u00ed como realizaron presencia en otros puntos cercanos a la zona donde tambi\u00e9n ocurrieron detonaciones.<\/p>\n\n\n\n<p>Esta movilizaci\u00f3n se registr\u00f3 a menos de una hora del ataque armado sobre el bulevar Plan de Tuxtepec, casi esquina con la calle de Mar\u00eda Lombardo, donde el informe preliminar indic\u00f3 el saldo de una persona herida.<\/p>\n\n\n\n<p>En la agresi\u00f3n, minutos antes de las 11:00 horas, se vio involucrada una camioneta cerrada, color gris y un veh\u00edculo tipo Sentra, color arena, del que presuntamente una persona sali\u00f3 herida y huy\u00f3 del lugar.<\/p>\n\n\n\n<p>Ambos veh\u00edculos fueron abandonados en la v\u00eda p\u00fablica, mientras que en la escena del suceso se registraron m\u00e1s de una docena de casquillos percutidos<\/p>\n\n\n\n<p>Sin embargo, el violento d\u00eda comenz\u00f3 minutos despu\u00e9s de las 08:00 horas con el reporte de la privaci\u00f3n ilegal de una persona sobre la calle de Guerrero, entre las avenidas Carranza y 18 de Marzo, a dos cuadras del Palacio Municipal.<\/p>\n\n\n\n<p>Sobre el punto del suceso, donde tambi\u00e9n se report\u00f3 la detonaci\u00f3n de armas de fuego, qued\u00f3 abandonada una camioneta de lujo, color blanco, donde presuntamente viajaba el empresario identificado como el contador Carlos Olgu\u00edn.<\/p>\n\n\n\n<p>De forma inmediata arribaron elementos de la Polic\u00eda Municipal para acordonar el \u00e1rea, as\u00ed como la Guardia Nacional para realizar las diligencias correspondientes.<\/p>\n\n\n\n<p>LAS DETENCIONES<\/p>\n\n\n\n<p>Tras esos hechos, la Secretar\u00eda de Seguridad P\u00fablica de Oaxaca inform\u00f3 de la detenci\u00f3n de dos personas del sexo masculino como los probables responsables de algunos hechos violentos la ma\u00f1ana de este martes en San Juan Bautista Tuxtepec.<\/p>\n\n\n\n<p>La aprehensi\u00f3n fue ejecutada por elementos de la Polic\u00eda Estatal tras un despliegue coordinado con la Agencia Estatal de Investigaciones (AEI).<\/p>\n\n\n\n<p>Las personas detenidas portaban armas de fuego sin licencia para portarlas, una de ellas se identific\u00f3 como Jonathan \u201cNN\u201d, quien presentaba una lesi\u00f3n en la parte superior de la cabeza y quien se encontraba escondido cerca de una instituci\u00f3n educativa.<\/p>\n\n\n\n<p>Mientras que la AEI asegur\u00f3 a Jos\u00e9 \u201cNN\u201d, quien tambi\u00e9n presenta una lesi\u00f3n de arma de fuego a la altura de las costillas. As\u00ed como se asegur\u00f3 un arma de fuego tipo pistola, calibre nueve mil\u00edmetros.<\/p>\n\n\n\n<p>Los varones fueron puestos a disposici\u00f3n de las autoridades pertinentes para los efectos legales correspondientes.<\/p>\n\n\n\n<p>Despu\u00e9s de las 15:00 horas y a trav\u00e9s de las redes sociales, la Fiscal\u00eda General del Estado de Oaxaca inform\u00f3 que logr\u00f3 liberar a una persona privada de su libertad, adem\u00e1s de la detenci\u00f3n de dos personas, aunque no precisa&nbsp; si son las mismas aprehensiones que report\u00f3 la Secretar\u00eda de Seguridad P\u00fablica.<\/p>\n","protected":false},"excerpt":{"rendered":"<p>Redacci\u00f3n\/Zona Roja Oaxaca de Ju\u00e1rez, Oax., 12 de enero de 2021.- El municipio de San&hellip;<\/p>\n","protected":false},"author":2,"featured_media":22339,"comment_status":"closed","ping_status":"open","sticky":false,"template":"","format":"standard","meta":{"_lmt_disableupdate":"","_lmt_disable":"","_jetpack_memberships_contains_paid_content":false,"footnotes":""},"categories":[109,51],"tags":[118],"class_list":["post-22338","post","type-post","status-publish","format-standard","has-post-thumbnail","hentry","category-minuto-a-minuto","category-zona-roja","tag-san-juan-bautista-tuxtepec"],"jetpack_featured_media_url":"https:\/\/zonaroja.com.mx\/wp-content\/uploads\/2021\/01\/Violencia-Tuxtepec.jpg","jetpack_sharing_enabled":true,"_links":{"self":[{"href":"https:\/\/zonaroja.com.mx\/index.php?rest_route=\/wp\/v2\/posts\/22338","targetHints":{"allow":["GET"]}}],"collection":[{"href":"https:\/\/zonaroja.com.mx\/index.php?rest_route=\/wp\/v2\/posts"}],"about":[{"href":"https:\/\/zonaroja.com.mx\/index.php?rest_route=\/wp\/v2\/types\/post"}],"author":[{"embeddable":true,"href":"https:\/\/zonaroja.com.mx\/index.php?rest_route=\/wp\/v2\/users\/2"}],"replies":[{"embeddable":true,"href":"https:\/\/zonaroja.com.mx\/index.php?rest_route=%2Fwp%2Fv2%2Fcomments&post=22338"}],"version-history":[{"count":1,"href":"https:\/\/zonaroja.com.mx\/index.php?rest_route=\/wp\/v2\/posts\/22338\/revisions"}],"predecessor-version":[{"id":22340,"href":"https:\/\/zonaroja.com.mx\/index.php?rest_route=\/wp\/v2\/posts\/22338\/revisions\/22340"}],"wp:featuredmedia":[{"embeddable":true,"href":"https:\/\/zonaroja.com.mx\/index.php?rest_route=\/wp\/v2\/media\/22339"}],"wp:attachment":[{"href":"https:\/\/zonaroja.com.mx\/index.php?rest_route=%2Fwp%2Fv2%2Fmedia&parent=22338"}],"wp:term":[{"taxonomy":"category","embeddable":true,"href":"https:\/\/zonaroja.com.mx\/index.php?rest_route=%2Fwp%2Fv2%2Fcategories&post=22338"},{"taxonomy":"post_tag","embeddable":true,"href":"https:\/\/zonaroja.com.mx\/index.php?rest_route=%2Fwp%2Fv2%2Ftags&post=22338"}],"curies":[{"name":"wp","href":"https:\/\/api.w.org\/{rel}","templated":true}]}}