{"id":22347,"date":"2021-01-12T20:36:42","date_gmt":"2021-01-13T02:36:42","guid":{"rendered":"http:\/\/www.zonaroja.com.mx\/?p=22347"},"modified":"2021-01-12T20:36:47","modified_gmt":"2021-01-13T02:36:47","slug":"envia-gobierno-federal-a-oaxaca-las-primeras-19500-vacunas-contra-covid","status":"publish","type":"post","link":"https:\/\/zonaroja.com.mx\/?p=22347","title":{"rendered":"Env\u00eda gobierno federal a Oaxaca las primeras 19,500 vacunas contra Covid"},"content":{"rendered":"\n<p>Redacci\u00f3n\/Zona Roja.<\/p>\n\n\n\n<p>Oaxaca de Ju\u00e1rez, Oax., 12 de enero de 2021.- El Gobierno de la Rep\u00fablica env\u00edo esta noche a Oaxaca las primeras 19 mil 500 vacunas de la compa\u00f1\u00eda Pfizer contra el Covid.<\/p>\n\n\n\n<p>El lote arrib\u00f3 a bordo de un avi\u00f3n de la Fuerza A\u00e9rea Mexicana a la Base A\u00e9rea Militar n\u00famero 15, ubicada en San Juan Bautista La Raya, agencia de Santa Cruz Xoxocotl\u00e1n, municipio conurbado a la capital.<\/p>\n\n\n\n<p>De acuerdo con los Servicios de Salud de Oaxaca (SSO), el biol\u00f3gico ser\u00e1 utilizado para inocular al personal sanitario que se encuentra en la primera l\u00ednea de batalla contra la pandemia.<\/p>\n\n\n\n<p>A partir de este mi\u00e9rcoles 12 de enero, el cargamento de inmunizaci\u00f3n ser\u00e1 distribuido en un universo de 49 hospitales incorporados a la red de notificaciones de Infecciones Respiratorias Agudas Graves (IRAG), de los cuales 26 fueron reconvertidos a nosocomios COVID-19.<\/p>\n\n\n\n<p>En un comunicado, la instituci\u00f3n dijo que los otros 23 fueron elegidos debido a que a lo largo de la emergencia sanitaria se sumaron a la atenci\u00f3n de pacientes positivos y sospechosos del virus.<\/p>\n\n\n\n<p>Destac\u00f3 que la log\u00edstica de la aplicaci\u00f3n de dosis se llevar\u00e1 a cabo en un m\u00e1ximo de cinco d\u00edas, para lo cual se instalar\u00e1n m\u00f3dulos de vacunaci\u00f3n en las unidades m\u00e9dicas antes mencionadas, compuestas de c\u00e9lulas (cada una con dos profesionales de enfermer\u00eda y un capturista); la cantidad de \u00e9stas depender\u00e1 del n\u00famero de inmunol\u00f3gicos que se aplicar\u00e1n por d\u00eda.<\/p>\n\n\n\n<figure class=\"wp-block-embed-twitter wp-block-embed is-type-rich is-provider-twitter\"><div class=\"wp-block-embed__wrapper\">\n<div class=\"twitter-tweet\"><blockquote class=\"twitter-tweet\" data-lang=\"es\"><p lang=\"es\" dir=\"ltr\"><a href=\"https:\/\/twitter.com\/hashtag\/%C3%9AltimoMinuto?src=hash&amp;ref_src=twsrc%5Etfw\">#\u00daltimoMinuto<\/a> <br>A bordo de un avi\u00f3n de la Fuerza A\u00e9rea Mexicana, llegan esta tarde a <a href=\"https:\/\/twitter.com\/hashtag\/Oaxaca?src=hash&amp;ref_src=twsrc%5Etfw\">#Oaxaca<\/a> las primeras <a href=\"https:\/\/twitter.com\/hashtag\/vacunas?src=hash&amp;ref_src=twsrc%5Etfw\">#vacunas<\/a> contra el Covid-19, que se comenzar\u00e1n a aplicar desde ma\u00f1ana al personal m\u00e9dico en la primera l\u00ednea de batalla. <a href=\"https:\/\/t.co\/VMpstPfGyJ\">pic.twitter.com\/VMpstPfGyJ<\/a><\/p>&mdash; Zona Roja Oaxaca (@MexRoja) <a href=\"https:\/\/twitter.com\/MexRoja\/status\/1349159622129692672?ref_src=twsrc%5Etfw\">13 de enero de 2021<\/a><\/blockquote><\/div>\n<\/div><\/figure>\n\n\n\n<p>Se\u00f1al\u00f3 que la estrategia de vacunaci\u00f3n ser\u00e1 sectorial, esto abarca a enfermeras, enfermeros, personal m\u00e9dico, laboralistas, qu\u00edmicos, t\u00e9cnicos radi\u00f3logos, camilleros, trabajadores de limpieza, personal de ambulancia, manejador de alimentos, trabajo social, y dem\u00e1s \u00e1reas que est\u00e1n al frente de la atenci\u00f3n a la emergencia sanitaria; incluyendo a personal con o sin seguridad social.<\/p>\n\n\n\n<p>Advirti\u00f3 tambi\u00e9n que, dentro del protocolo de seguridad para evitar la duplicaci\u00f3n en la aplicaci\u00f3n del inmunol\u00f3gico, las y los vacunados deber\u00e1n identificarse con la Clave \u00danica de Registro de Poblaci\u00f3n (CURP).<\/p>\n\n\n\n<p>Asimismo, todo el plan de vacunaci\u00f3n se llevar\u00e1 a cabo con transparencia, honestidad, respeto a los derechos de las personas, igualdad y con estricto apego a las normas de la Secretar\u00eda de Salud Federal.<\/p>\n\n\n\n<p>Alejandro Svarch, representante de la Secretar\u00eda de Salud del Gobierno de M\u00e9xico y responsable de lo concerniente a la distribuci\u00f3n y vacunaci\u00f3n, detall\u00f3 que cada contenedor Pfiezer est\u00e1 compuesto por 95 frascos, cada uno incluye cinco dosis.<\/p>\n\n\n\n<p>Explic\u00f3 que en esta primera etapa de la vacunaci\u00f3n, se proteger\u00e1 a un total de 18 mil 683 trabajadores y trabajadoras, quienes tienen el mayor riesgo de contagio. Las dosis extras -817- se utilizar\u00e1n para el resto de personal sanitario que no se encuentra precisamente en la atenci\u00f3n directa de pacientes con s\u00edntomas relacionados al virus SARS-CoV-2.<\/p>\n\n\n\n<p>A\u00f1adi\u00f3 que cada caja de inmunol\u00f3gicos contiene un term\u00f3metro electr\u00f3nico para monitoreo permanente, vienen con ultra congelaci\u00f3n y hielo seco, mismas que se mantienen a menos 70 grados cent\u00edgrados, con el fin de garantizar la seguridad t\u00e9rmica y calidad del producto biol\u00f3gico.<\/p>\n\n\n\n<figure class=\"wp-block-embed-twitter wp-block-embed is-type-rich is-provider-twitter\"><div class=\"wp-block-embed__wrapper\">\n<div class=\"twitter-tweet\"><blockquote class=\"twitter-tweet\" data-lang=\"es\"><p lang=\"es\" dir=\"ltr\"><a href=\"https:\/\/twitter.com\/hashtag\/%C3%9AltimoMinuto?src=hash&amp;ref_src=twsrc%5Etfw\">#\u00daltimoMinuto<\/a> <br>As\u00ed arrib\u00f3 a <a href=\"https:\/\/twitter.com\/hashtag\/Oaxaca?src=hash&amp;ref_src=twsrc%5Etfw\">#Oaxaca<\/a> el primer lote de 19 mil 500 vacunas anti Covid-19, para el personal de salud que enfrenta la pandemia desde los hospitales. Ma\u00f1ana comienza la aplicaci\u00f3n. <a href=\"https:\/\/t.co\/nt4Y0xKYE8\">pic.twitter.com\/nt4Y0xKYE8<\/a><\/p>&mdash; Zona Roja Oaxaca (@MexRoja) <a href=\"https:\/\/twitter.com\/MexRoja\/status\/1349169452449935360?ref_src=twsrc%5Etfw\">13 de enero de 2021<\/a><\/blockquote><\/div>\n<\/div><\/figure>\n\n\n\n<p>Hizo \u00e9nfasis en que la vacunaci\u00f3n ser\u00e1 universal y gratuita para todas las personas en forma progresiva, dependiendo de la producci\u00f3n y entrega por parte de las farmac\u00e9uticas al pa\u00eds y al estado. En la siguiente fase se concluir\u00e1 con todo el personal de Salud, y de ah\u00ed se abarcar\u00e1 a los grupos vulnerables, principalmente las personas mayores de 80 a\u00f1os, refiri\u00f3.<\/p>\n\n\n\n<p>TUXTEPEC, ENTRE LOS BENEFICIADOS<\/p>\n\n\n\n<p>Personal del Hospital General de Tuxtepec, de los Servicios de Salud de Oaxaca (SSO) ser\u00e1 parte de los beneficiados y recibir\u00e1 en las pr\u00f3ximas horas la vacuna contra el Covid-19.<\/p>\n\n\n\n<p>Cerca de 520 integrantes de la primera l\u00ednea de batalla del nosocomio, \u00fanico en su nivel en la regi\u00f3n de la Cuenca, recibir\u00e1n la dosis para combatir el virus, as\u00ed programado a partir de este mi\u00e9rcoles, confirm\u00f3 personal del Hospital General adherido a la Secci\u00f3n 35 del SNTSA.<\/p>\n\n\n\n<p>Los beneficiados son m\u00e9dicos, enfermeras, personal administrativo, camilleros, el \u00e1rea de limpieza, entre otros, que durante la pandemia han ofrecido sus servicios desde el \u00e1rea Covid-19, inform\u00f3 personal del nosocomio.<\/p>\n\n\n\n<p>El Hospital General de Tuxtepec es el \u00fanico p\u00fablico asignado con \u00e1rea Covid en la zona norte de Oaxaca, el cual en meses pasados registr\u00f3 una ocupaci\u00f3n al 100 por ciento y en el que su personal a pesar de las carencias para enfrentar la pandemia contin\u00faa su labor de forma incansable.<\/p>\n","protected":false},"excerpt":{"rendered":"<p>Redacci\u00f3n\/Zona Roja. Oaxaca de Ju\u00e1rez, Oax., 12 de enero de 2021.- El Gobierno de la&hellip;<\/p>\n","protected":false},"author":2,"featured_media":22348,"comment_status":"closed","ping_status":"open","sticky":false,"template":"","format":"standard","meta":{"_lmt_disableupdate":"","_lmt_disable":"","_jetpack_memberships_contains_paid_content":false,"footnotes":""},"categories":[109,46],"tags":[2367],"class_list":["post-22347","post","type-post","status-publish","format-standard","has-post-thumbnail","hentry","category-minuto-a-minuto","category-zona-blanca","tag-vacunas-anti-covid-oaxaca"],"jetpack_featured_media_url":"https:\/\/zonaroja.com.mx\/wp-content\/uploads\/2021\/01\/Vacunas-anti-Covid-Oaxaca.jpeg","jetpack_sharing_enabled":true,"_links":{"self":[{"href":"https:\/\/zonaroja.com.mx\/index.php?rest_route=\/wp\/v2\/posts\/22347","targetHints":{"allow":["GET"]}}],"collection":[{"href":"https:\/\/zonaroja.com.mx\/index.php?rest_route=\/wp\/v2\/posts"}],"about":[{"href":"https:\/\/zonaroja.com.mx\/index.php?rest_route=\/wp\/v2\/types\/post"}],"author":[{"embeddable":true,"href":"https:\/\/zonaroja.com.mx\/index.php?rest_route=\/wp\/v2\/users\/2"}],"replies":[{"embeddable":true,"href":"https:\/\/zonaroja.com.mx\/index.php?rest_route=%2Fwp%2Fv2%2Fcomments&post=22347"}],"version-history":[{"count":1,"href":"https:\/\/zonaroja.com.mx\/index.php?rest_route=\/wp\/v2\/posts\/22347\/revisions"}],"predecessor-version":[{"id":22349,"href":"https:\/\/zonaroja.com.mx\/index.php?rest_route=\/wp\/v2\/posts\/22347\/revisions\/22349"}],"wp:featuredmedia":[{"embeddable":true,"href":"https:\/\/zonaroja.com.mx\/index.php?rest_route=\/wp\/v2\/media\/22348"}],"wp:attachment":[{"href":"https:\/\/zonaroja.com.mx\/index.php?rest_route=%2Fwp%2Fv2%2Fmedia&parent=22347"}],"wp:term":[{"taxonomy":"category","embeddable":true,"href":"https:\/\/zonaroja.com.mx\/index.php?rest_route=%2Fwp%2Fv2%2Fcategories&post=22347"},{"taxonomy":"post_tag","embeddable":true,"href":"https:\/\/zonaroja.com.mx\/index.php?rest_route=%2Fwp%2Fv2%2Ftags&post=22347"}],"curies":[{"name":"wp","href":"https:\/\/api.w.org\/{rel}","templated":true}]}}