{"id":2235,"date":"2019-07-13T19:00:06","date_gmt":"2019-07-14T00:00:06","guid":{"rendered":"http:\/\/www.zonaroja.com.mx\/?p=2235"},"modified":"2019-07-13T19:00:08","modified_gmt":"2019-07-14T00:00:08","slug":"denunciaran-ante-la-onu-impune-asesinato-de-abogados-en-oaxaca","status":"publish","type":"post","link":"https:\/\/zonaroja.com.mx\/?p=2235","title":{"rendered":"Denunciar\u00e1n ante la ONU impune asesinato de abogados en Oaxaca"},"content":{"rendered":"\n<p>Redacci\u00f3n<\/p>\n\n\n\n<p>Oaxaca de\nJu\u00e1rez, Oax., 13 de julio de 2019.- Ante lo que considera impunidad en el\nesclarecimiento del asesinato y desaparici\u00f3n de al menos siete abogados, el Centro\nde Derechos Humanos y Asesor\u00eda a Pueblos Ind\u00edgenas (Cedhapi) presentar\u00e1 un informe\nante la Relator\u00eda Especial sobre la Independencia de Magistrados y Abogados de\nla ONU.<\/p>\n\n\n\n<p>Lo anterior,\ncon la finalidad de exigir el esclarecimiento de los casos, pues a la fecha, en\nla mayor\u00eda de ellos no se ha aplicado la justicia, inform\u00f3 Maurilio Santiago\nReyes, presidente de dicha asociaci\u00f3n.<\/p>\n\n\n\n<p>En un\ncomunicado, pidi\u00f3 se garantice el ejercicio de la abogac\u00eda en el estado de\nOaxaca y se investigue y sancionen los delitos cometidos en contra de los profesionales\ndel derecho.<\/p>\n\n\n\n<p>Entre los\ncasos impunes, cit\u00f3:<\/p>\n\n\n\n<p>La v\u00edspera del D\u00eda del Abogado, el 11 de julio del 2019, aproximadamente a la una de la tarde fue asesinado el abogado Miguel de Jes\u00fas al salir de los juzgados penales ubicado en la calle Hombres Ilustres del municipio de Mat\u00edas Romero.<\/p>\n\n\n\n<p>El 28 de\njunio del 2019 fue asesinado a balazos el abogado Jes\u00fas Manuel Chi\u00f1as Charlok, cuando\nse trasladaba a su domicilio, ubicado a orillas de las v\u00edas del tren en la\ncalle Manzanillo de la colonia Cuauht\u00e9moc, en Salina Cruz.<\/p>\n\n\n\n<p>El d\u00eda 12 de\nabril del 2019, sujetos armados efectuaron varios disparos de arma de fuego en\ncontra del abogado defensor del defensor de derechos humanos Juan Quintanar\nG\u00f3mez, en el momento que llegaba a su despacho ubicado en avenida S\u00edmbolos\nPatrios, centro de la Ciudad&nbsp; de Oaxaca\nde Ju\u00e1rez Oaxaca.<\/p>\n\n\n\n<p>La v\u00edctima asesora\ny defiende a varias comunidades ind\u00edgenas en el estado en diversos conflictos\nagrarios, entre ellos Villa Sola de Vega, Oaxaca, y en d\u00edas previos recibi\u00f3\namenazas de muerte.<\/p>\n\n\n\n<p>El d\u00eda 23 de\ndiciembre del 2018, fue asesinada la abogada Paola Cecilia Rocha Viveros de 40\na\u00f1os de edad, en el momento en que transitaba en la carretera federal\nTeotitl\u00e1n-Huautla de Jim\u00e9nez.<\/p>\n\n\n\n<p>El d\u00eda 10 de\nmayo del 2018, el abogado Ernesto Sernas Garc\u00eda, fue visto por \u00faltima vez\nfrente a su domicilio ubicado en San Agust\u00edn de la Juntas, Oaxaca, hasta el\nmomento no se sabe nada de su paradero.<\/p>\n\n\n\n<p>El 28 de\nfebrero del 2018, sujetos desconocidos asesinaron al abogado Carmelo de la Cruz\nBetanzos, de 69 a\u00f1os de edad, en su despacho ubicado en la Segunda Secci\u00f3n de\nJuchit\u00e1n de Zaragoza.<\/p>\n\n\n\n<p>El\nprofesionista se encontraba en su despacho ubicado en la calle Independencia\nesquina con Morelos cuando arribaron sujetos que portaban armas de fuego y le\ndispararon.<\/p>\n\n\n\n<p>El 31 de\ndiciembre del 2016 el abogado Jorge Alberto Gonz\u00e1lez Escamilla, de 42 a\u00f1os de\nedad, fue asesinado a balazos, cuando se encontraba en su domicilio ubicado en\nel fraccionamiento El Trigal, de San Juan Bautista Tuxtepec.<\/p>\n","protected":false},"excerpt":{"rendered":"<p>Redacci\u00f3n Oaxaca de Ju\u00e1rez, Oax., 13 de julio de 2019.- Ante lo que considera impunidad&hellip;<\/p>\n","protected":false},"author":2,"featured_media":2236,"comment_status":"closed","ping_status":"open","sticky":false,"template":"","format":"standard","meta":{"_lmt_disableupdate":"","_lmt_disable":"","_jetpack_memberships_contains_paid_content":false,"footnotes":""},"categories":[109,51],"tags":[340],"class_list":["post-2235","post","type-post","status-publish","format-standard","has-post-thumbnail","hentry","category-minuto-a-minuto","category-zona-roja","tag-asesinato-de-abogados-en-oaxaca"],"jetpack_featured_media_url":"https:\/\/zonaroja.com.mx\/wp-content\/uploads\/2019\/07\/Agobados-3.jpg","jetpack_sharing_enabled":true,"_links":{"self":[{"href":"https:\/\/zonaroja.com.mx\/index.php?rest_route=\/wp\/v2\/posts\/2235","targetHints":{"allow":["GET"]}}],"collection":[{"href":"https:\/\/zonaroja.com.mx\/index.php?rest_route=\/wp\/v2\/posts"}],"about":[{"href":"https:\/\/zonaroja.com.mx\/index.php?rest_route=\/wp\/v2\/types\/post"}],"author":[{"embeddable":true,"href":"https:\/\/zonaroja.com.mx\/index.php?rest_route=\/wp\/v2\/users\/2"}],"replies":[{"embeddable":true,"href":"https:\/\/zonaroja.com.mx\/index.php?rest_route=%2Fwp%2Fv2%2Fcomments&post=2235"}],"version-history":[{"count":1,"href":"https:\/\/zonaroja.com.mx\/index.php?rest_route=\/wp\/v2\/posts\/2235\/revisions"}],"predecessor-version":[{"id":2237,"href":"https:\/\/zonaroja.com.mx\/index.php?rest_route=\/wp\/v2\/posts\/2235\/revisions\/2237"}],"wp:featuredmedia":[{"embeddable":true,"href":"https:\/\/zonaroja.com.mx\/index.php?rest_route=\/wp\/v2\/media\/2236"}],"wp:attachment":[{"href":"https:\/\/zonaroja.com.mx\/index.php?rest_route=%2Fwp%2Fv2%2Fmedia&parent=2235"}],"wp:term":[{"taxonomy":"category","embeddable":true,"href":"https:\/\/zonaroja.com.mx\/index.php?rest_route=%2Fwp%2Fv2%2Fcategories&post=2235"},{"taxonomy":"post_tag","embeddable":true,"href":"https:\/\/zonaroja.com.mx\/index.php?rest_route=%2Fwp%2Fv2%2Ftags&post=2235"}],"curies":[{"name":"wp","href":"https:\/\/api.w.org\/{rel}","templated":true}]}}