{"id":22350,"date":"2021-01-12T21:05:58","date_gmt":"2021-01-13T03:05:58","guid":{"rendered":"http:\/\/www.zonaroja.com.mx\/?p=22350"},"modified":"2021-01-12T21:06:05","modified_gmt":"2021-01-13T03:06:05","slug":"reconocen-liderazgo-de-salome-martinez-en-fuerza-por-mexico-rinde-protesta","status":"publish","type":"post","link":"https:\/\/zonaroja.com.mx\/?p=22350","title":{"rendered":"Reconocen liderazgo de Salom\u00e9 Mart\u00ednez en Fuerza por M\u00e9xico; rinde protesta"},"content":{"rendered":"\n<p>Yuridiana Sosa\/Zona Roja.<\/p>\n\n\n\n<p>Oaxaca de Ju\u00e1rez, Oax.- 12 de enero de 2021.- Camino a la jornada electoral de este a\u00f1o, el nuevo partido pol\u00edtico Fuerza por M\u00e9xico se alista para la contienda en Oaxaca, con la tom\u00f3 protesta de Salom\u00e9 Mart\u00ednez Salazar como dirigente estatal.<\/p>\n\n\n\n<p>Este martes en un acto ante la militancia estatal &#8211;quienes portaron cubrebocas para la actividad- el representante nacional, Gerardo Islas, presidi\u00f3 la toma de protesta del comit\u00e9 estatal que encabeza Salom\u00e9 Mart\u00ednez, quien fue pieza clave para que la agrupaci\u00f3n pol\u00edtica nacional lograra su registro ante el INE en 2019.<\/p>\n\n\n\n<p>\u201dEsta ser\u00e1 nuestra primera elecci\u00f3n en la que participaremos, ser\u00e1 la primera en la que ganaremos\u201d, se\u00f1al\u00f3 ante la dirigencia nacional durante su participaci\u00f3n.<\/p>\n\n\n\n<figure class=\"wp-block-embed-twitter wp-block-embed is-type-rich is-provider-twitter\"><div class=\"wp-block-embed__wrapper\">\n<div class=\"twitter-tweet\"><blockquote class=\"twitter-tweet\" data-lang=\"es\"><p lang=\"es\" dir=\"ltr\"><a href=\"https:\/\/twitter.com\/hashtag\/%C3%9AltimoMinuto?src=hash&amp;ref_src=twsrc%5Etfw\">#\u00daltimoMinuto<\/a> <br>Esta tarde, con la presencia del dirigente nacional, Gerardo Islas (<a href=\"https:\/\/twitter.com\/gerislas?ref_src=twsrc%5Etfw\">@gerislas<\/a>), <a href=\"https:\/\/twitter.com\/SalomeMtzS?ref_src=twsrc%5Etfw\">@SalomeMtzS<\/a> rindi\u00f3 protesta como presidenta de <a href=\"https:\/\/twitter.com\/FuerzaMexicoOax?ref_src=twsrc%5Etfw\">@FuerzaMexicoOax<\/a>. <br>Este es parte de su mensaje durante el encuentro efectuado en la capital de Oaxaca: <a href=\"https:\/\/t.co\/NL3BpJo1Fp\">pic.twitter.com\/NL3BpJo1Fp<\/a><\/p>&mdash; Zona Roja Oaxaca (@MexRoja) <a href=\"https:\/\/twitter.com\/MexRoja\/status\/1349112668704043010?ref_src=twsrc%5Etfw\">12 de enero de 2021<\/a><\/blockquote><\/div>\n<\/div><\/figure>\n\n\n\n<p>La presidenta del instituto pol\u00edtico en Oaxaca destac\u00f3 que esta entidad ofrece un futuro al partido, mismo que est\u00e1 representado por ciudadanos con trayectoria y experiencia pol\u00edtica, conocedores de los retos que enfrenta el estado y con alternativas para resolverlas.<\/p>\n\n\n\n<p>\u201cAqu\u00ed estamos l\u00edderes obreros, campesinos, organizaciones sociales, gestores de comunidades, profesionales comprometidos y defensores de derechos humanos comprometidos con los ideales de la cuarta transformaci\u00f3n\u201d, resalt\u00f3.<\/p>\n\n\n\n<figure class=\"wp-block-embed-twitter wp-block-embed is-type-rich is-provider-twitter\"><div class=\"wp-block-embed__wrapper\">\n<div class=\"twitter-tweet\"><blockquote class=\"twitter-tweet\" data-lang=\"es\"><p lang=\"es\" dir=\"ltr\"><a href=\"https:\/\/twitter.com\/hashtag\/ENVIVO?src=hash&amp;ref_src=twsrc%5Etfw\">#ENVIVO<\/a> <br>Oaxaca de Ju\u00e1rez, Oax., 12 de enero de 2021.- Conferencia de prensa del Partido Fuerza por M\u00e9xico.  <br><br>Aqu\u00ed la transmisi\u00f3n <br>\ud83d\udc47<a href=\"https:\/\/t.co\/kZWMZN3vV5\">https:\/\/t.co\/kZWMZN3vV5<\/a> <a href=\"https:\/\/t.co\/bGLqcsx6Ch\">pic.twitter.com\/bGLqcsx6Ch<\/a><\/p>&mdash; Zona Roja Oaxaca (@MexRoja) <a href=\"https:\/\/twitter.com\/MexRoja\/status\/1349091566523060225?ref_src=twsrc%5Etfw\">12 de enero de 2021<\/a><\/blockquote><\/div>\n<\/div><\/figure>\n\n\n\n<p>En su participaci\u00f3n, la secretaria de las Mujeres, Karla Carrasco, tambi\u00e9n respald\u00f3 el trabajo de la dirigente estatal, a quien reconoci\u00f3 como \u201cun gran y valiente mujer\u201d.<\/p>\n\n\n\n<p>La representante de las mujeres tambi\u00e9n resalt\u00f3 la oportunidad para sembrar en cada municipio de Oaxaca la semilla de Fuerza por M\u00e9xico, donde la participaci\u00f3n de las oaxaque\u00f1as es indispensable.<\/p>\n\n\n\n<p>\u201cEstamos construyendo un equipo con una base s\u00f3lida, liderados por una gran y valiente mujer como es Salom\u00e9 Mart\u00ednez. Nuestra experiencia y conocimiento dar\u00e1n buenos resultados\u201d.<\/p>\n\n\n\n<p>Por su parte, el dirigente nacional, Gerardo Islas, destac\u00f3 que este partido de creciente creaci\u00f3n est\u00e1 integrado, en una mayor\u00eda, por ciudadanos que nunca antes hab\u00edan militado en otro organismo pol\u00edtico.<\/p>\n\n\n\n<figure class=\"wp-block-embed-twitter wp-block-embed is-type-rich is-provider-twitter\"><div class=\"wp-block-embed__wrapper\">\n<div class=\"twitter-tweet\"><blockquote class=\"twitter-tweet\" data-lang=\"es\"><p lang=\"es\" dir=\"ltr\">Durante la toma de protesta de <a href=\"https:\/\/twitter.com\/SalomeMtzS?ref_src=twsrc%5Etfw\">@SalomeMtzS<\/a> como dirigente del <a href=\"https:\/\/twitter.com\/FuerzaMexicoOax?ref_src=twsrc%5Etfw\">@FuerzaMexicoOax<\/a>, particip\u00f3 la secretaria de las Mujeres, <a href=\"https:\/\/twitter.com\/karlitacarrasco?ref_src=twsrc%5Etfw\">@karlitacarrasco<\/a>, en presencia del presidente nacional <a href=\"https:\/\/twitter.com\/gerislas?ref_src=twsrc%5Etfw\">@gerislas<\/a>: <a href=\"https:\/\/t.co\/vnyC5H0tSC\">pic.twitter.com\/vnyC5H0tSC<\/a><\/p>&mdash; Zona Roja Oaxaca (@MexRoja) <a href=\"https:\/\/twitter.com\/MexRoja\/status\/1349140328914161665?ref_src=twsrc%5Etfw\">12 de enero de 2021<\/a><\/blockquote><\/div>\n<\/div><\/figure>\n","protected":false},"excerpt":{"rendered":"<p>Yuridiana Sosa\/Zona Roja. Oaxaca de Ju\u00e1rez, Oax.- 12 de enero de 2021.- Camino a la&hellip;<\/p>\n","protected":false},"author":2,"featured_media":22351,"comment_status":"closed","ping_status":"open","sticky":false,"template":"","format":"standard","meta":{"_lmt_disableupdate":"","_lmt_disable":"","_jetpack_memberships_contains_paid_content":false,"footnotes":""},"categories":[109,46],"tags":[2368,2369],"class_list":["post-22350","post","type-post","status-publish","format-standard","has-post-thumbnail","hentry","category-minuto-a-minuto","category-zona-blanca","tag-fuerza-por-mexico","tag-salome-martinez-salazar"],"jetpack_featured_media_url":"https:\/\/zonaroja.com.mx\/wp-content\/uploads\/2021\/01\/FXM-Presidente-Nacional-y-Presidenta-Estatal.jpeg","jetpack_sharing_enabled":true,"_links":{"self":[{"href":"https:\/\/zonaroja.com.mx\/index.php?rest_route=\/wp\/v2\/posts\/22350","targetHints":{"allow":["GET"]}}],"collection":[{"href":"https:\/\/zonaroja.com.mx\/index.php?rest_route=\/wp\/v2\/posts"}],"about":[{"href":"https:\/\/zonaroja.com.mx\/index.php?rest_route=\/wp\/v2\/types\/post"}],"author":[{"embeddable":true,"href":"https:\/\/zonaroja.com.mx\/index.php?rest_route=\/wp\/v2\/users\/2"}],"replies":[{"embeddable":true,"href":"https:\/\/zonaroja.com.mx\/index.php?rest_route=%2Fwp%2Fv2%2Fcomments&post=22350"}],"version-history":[{"count":1,"href":"https:\/\/zonaroja.com.mx\/index.php?rest_route=\/wp\/v2\/posts\/22350\/revisions"}],"predecessor-version":[{"id":22352,"href":"https:\/\/zonaroja.com.mx\/index.php?rest_route=\/wp\/v2\/posts\/22350\/revisions\/22352"}],"wp:featuredmedia":[{"embeddable":true,"href":"https:\/\/zonaroja.com.mx\/index.php?rest_route=\/wp\/v2\/media\/22351"}],"wp:attachment":[{"href":"https:\/\/zonaroja.com.mx\/index.php?rest_route=%2Fwp%2Fv2%2Fmedia&parent=22350"}],"wp:term":[{"taxonomy":"category","embeddable":true,"href":"https:\/\/zonaroja.com.mx\/index.php?rest_route=%2Fwp%2Fv2%2Fcategories&post=22350"},{"taxonomy":"post_tag","embeddable":true,"href":"https:\/\/zonaroja.com.mx\/index.php?rest_route=%2Fwp%2Fv2%2Ftags&post=22350"}],"curies":[{"name":"wp","href":"https:\/\/api.w.org\/{rel}","templated":true}]}}