{"id":22353,"date":"2021-01-12T22:09:47","date_gmt":"2021-01-13T04:09:47","guid":{"rendered":"http:\/\/www.zonaroja.com.mx\/?p=22353"},"modified":"2021-01-12T22:09:51","modified_gmt":"2021-01-13T04:09:51","slug":"rebasa-oaxaca-los-30-contagiados-de-covid-hoy-354-casos","status":"publish","type":"post","link":"https:\/\/zonaroja.com.mx\/?p=22353","title":{"rendered":"Rebasa Oaxaca los 30 contagiados de Covid; hoy 354 casos"},"content":{"rendered":"\n<p>Redacci\u00f3n\/Zona Roja.<\/p>\n\n\n\n<p>Oaxaca de Ju\u00e1rez, Oax., 12 de enero de 2021.- Los Servicios de Salud de Oaxaca (SSO) informaron que la entidad alcanz\u00f3 los 30 mil 246 contagios acumulados de Covid-19 y dos mil 240 defunciones, por lo que hay un incremento de 354 casos nuevos en 76 municipios y 20 decesos, en comparaci\u00f3n del informe epidemiol\u00f3gico del d\u00eda de ayer.<\/p>\n\n\n\n<p>En un comunicado, la instituci\u00f3n indic\u00f3 que este 12 de enero se notificaron 773 casos activos, es decir, que se contagiaron en los \u00faltimos 14 d\u00edas y actualmente pueden transmitir el virus a otras personas, as\u00ed como 27 mil 233 pacientes que se han recuperado de la enfermedad.<\/p>\n\n\n\n<p>Detall\u00f3 que se tiene un global de 13 mil 658 personas que han dado negativo al padecimiento y cuatro mil 536 est\u00e1n como sospechosos.<\/p>\n\n\n\n<p>Se\u00f1al\u00f3 que, la Jurisdicci\u00f3n Sanitaria de Valles Centrales se mantiene como zona con el mayor n\u00famero de contagios reportados diariamente, a la fecha tiene un acumulado de 20 mil 814 casos, de esta cifra, 484 est\u00e1n activos, adem\u00e1s es el primer lugar en cuanto a incidencia de mortalidad con mil 181 fallecimientos.<\/p>\n\n\n\n<figure class=\"wp-block-embed-twitter wp-block-embed is-type-rich is-provider-twitter\"><div class=\"wp-block-embed__wrapper\">\n<div class=\"twitter-tweet\"><blockquote class=\"twitter-tweet\" data-lang=\"es\"><p lang=\"es\" dir=\"ltr\"><a href=\"https:\/\/twitter.com\/hashtag\/%C3%9AltimaHora?src=hash&amp;ref_src=twsrc%5Etfw\">#\u00daltimaHora<\/a><br>\u00a1Alarmante! En <a href=\"https:\/\/twitter.com\/hashtag\/Oaxaca?src=hash&amp;ref_src=twsrc%5Etfw\">#Oaxaca<\/a> tampoco cesan los altos n\u00fameros del Covid: esta noche los Servicios de Salud reportan 354 casos positivos, para un total de 30 mil 246; adem\u00e1s, 20 fallecimientos, con los que suman dos mil 240 decesos.<a href=\"https:\/\/twitter.com\/hashtag\/Qu%C3%A9dateEnCasa?src=hash&amp;ref_src=twsrc%5Etfw\">#Qu\u00e9dateEnCasa<\/a> <a href=\"https:\/\/t.co\/EGp1EwaKHs\">pic.twitter.com\/EGp1EwaKHs<\/a><\/p>&mdash; Zona Roja Oaxaca (@MexRoja) <a href=\"https:\/\/twitter.com\/MexRoja\/status\/1349176869413904390?ref_src=twsrc%5Etfw\">13 de enero de 2021<\/a><\/blockquote><\/div>\n<\/div><\/figure>\n\n\n\n<p>Seguido del Istmo con un acumulado de dos mil 597 pacientes, 64 activos y 344 decesos; mientras que la Mixteca report\u00f3 dos mil 251 confirmados, 91 activos y 197 perdidas fatales; Tuxtepec con dos mil 094, activos 72 y 286 muertes; Costa con mil 525, 38 activos y 149 fallecimientos; Sierra 965 contagios, de estos 24 son activos y 83 personas han perdido la vida.<\/p>\n\n\n\n<p>En cuanto a los municipios que reportaron nuevos contagios, dijo que en primer lugar se encuentra Oaxaca de Ju\u00e1rez con 111 casos, Salina Cruz y San Juan Bautista Tuxtepec ambos con 20, Santa Cruz Xoxocotl\u00e1n con 16, Santa Luc\u00eda del Camino con 14, San Sebasti\u00e1n Tutla con 12 y Santa Mar\u00eda Huatulco con 11, por mencionar algunos.<\/p>\n\n\n\n<p>Subray\u00f3 que este martes la red hospitalaria en la entidad presenta el 55% de ocupaci\u00f3n de camas, de esta cifra el 64.1% corresponde a camas sin ventilador y el 46.5% con asistencia ventilatoria mec\u00e1nica.<\/p>\n\n\n\n<p>Por instituci\u00f3n hospitalaria, detall\u00f3 que los SSO presentan 41.4% de ocupaci\u00f3n, el Hospital Regional de Alta Especialidad de Oaxaca (HRAEO) 100%, el de la Ni\u00f1ez Oaxaque\u00f1a 66.7%, Sedena 49.1%, ISSSTE 80.3%, IMSS 60.9%, IMSS-Bienestar 28.8%, Pemex 25%, Semar 35.3% y nosocomios privados 62.5%.<\/p>\n","protected":false},"excerpt":{"rendered":"<p>Redacci\u00f3n\/Zona Roja. Oaxaca de Ju\u00e1rez, Oax., 12 de enero de 2021.- Los Servicios de Salud&hellip;<\/p>\n","protected":false},"author":2,"featured_media":22354,"comment_status":"closed","ping_status":"open","sticky":false,"template":"","format":"standard","meta":{"_lmt_disableupdate":"","_lmt_disable":"","_jetpack_memberships_contains_paid_content":false,"footnotes":""},"categories":[109,47],"tags":[1512],"class_list":["post-22353","post","type-post","status-publish","format-standard","has-post-thumbnail","hentry","category-minuto-a-minuto","category-zona-gris","tag-coronavirus-oaxaca"],"jetpack_featured_media_url":"https:\/\/zonaroja.com.mx\/wp-content\/uploads\/2021\/01\/GRAFICA-SSO-01.jpeg","jetpack_sharing_enabled":true,"_links":{"self":[{"href":"https:\/\/zonaroja.com.mx\/index.php?rest_route=\/wp\/v2\/posts\/22353","targetHints":{"allow":["GET"]}}],"collection":[{"href":"https:\/\/zonaroja.com.mx\/index.php?rest_route=\/wp\/v2\/posts"}],"about":[{"href":"https:\/\/zonaroja.com.mx\/index.php?rest_route=\/wp\/v2\/types\/post"}],"author":[{"embeddable":true,"href":"https:\/\/zonaroja.com.mx\/index.php?rest_route=\/wp\/v2\/users\/2"}],"replies":[{"embeddable":true,"href":"https:\/\/zonaroja.com.mx\/index.php?rest_route=%2Fwp%2Fv2%2Fcomments&post=22353"}],"version-history":[{"count":1,"href":"https:\/\/zonaroja.com.mx\/index.php?rest_route=\/wp\/v2\/posts\/22353\/revisions"}],"predecessor-version":[{"id":22355,"href":"https:\/\/zonaroja.com.mx\/index.php?rest_route=\/wp\/v2\/posts\/22353\/revisions\/22355"}],"wp:featuredmedia":[{"embeddable":true,"href":"https:\/\/zonaroja.com.mx\/index.php?rest_route=\/wp\/v2\/media\/22354"}],"wp:attachment":[{"href":"https:\/\/zonaroja.com.mx\/index.php?rest_route=%2Fwp%2Fv2%2Fmedia&parent=22353"}],"wp:term":[{"taxonomy":"category","embeddable":true,"href":"https:\/\/zonaroja.com.mx\/index.php?rest_route=%2Fwp%2Fv2%2Fcategories&post=22353"},{"taxonomy":"post_tag","embeddable":true,"href":"https:\/\/zonaroja.com.mx\/index.php?rest_route=%2Fwp%2Fv2%2Ftags&post=22353"}],"curies":[{"name":"wp","href":"https:\/\/api.w.org\/{rel}","templated":true}]}}