{"id":22356,"date":"2021-01-12T22:24:19","date_gmt":"2021-01-13T04:24:19","guid":{"rendered":"http:\/\/www.zonaroja.com.mx\/?p=22356"},"modified":"2021-01-12T22:24:25","modified_gmt":"2021-01-13T04:24:25","slug":"registra-el-istmo-de-oaxaca-un-asesinado-y-vandalismo-en-cruz-roja","status":"publish","type":"post","link":"https:\/\/zonaroja.com.mx\/?p=22356","title":{"rendered":"Registra el Istmo de Oaxaca un asesinado y vandalismo en Cruz Roja"},"content":{"rendered":"\n<p>Redacci\u00f3n\/Zona Roja.<\/p>\n\n\n\n<p>Oaxaca de Ju\u00e1rez, Oax., 12 de enero de 2021.- El cuerpo sin vida de una persona del sexo masculino fue hallada la madrugada de este martes en jurisdicci\u00f3n Asunci\u00f3n Ixtaltepec, municipio de la regi\u00f3n del Istmo de Tehuantepec, Oaxaca.<\/p>\n\n\n\n<p>Presentaba lesiones en varias partes del cuerpo y fue encontrado a un costado del tramo carretero que comunica con el municipio de El Espinal, cerca de un canal de riego.<\/p>\n\n\n\n<p>De manera preliminar fue identificado como Rubicel C. S., de 34 a\u00f1os de edad y originario de Ixtaltepec, aunque a\u00fan se desconoce qui\u00e9n o qui\u00e9nes lo ultimaron a balazos.<\/p>\n\n\n\n<p>Por otra parte, varios individuos a bordo de al menos tres veh\u00edculos vandalizaron hoy la sede de la delegaci\u00f3n de la Cruz Roja en el municipio de Salina Cruz, presuntamente para rescatar a una mujer que atend\u00edan y que hab\u00eda sido lesionada de bala.<\/p>\n\n\n\n<p>Supuestamente fue debido a que la v\u00edctima, con un disparo de arma de fuego en la cabeza, no era atendida de forma inmediata, por lo cual intentaron ingresar a las instalaciones a la fuerza.<\/p>\n\n\n\n<p>Tras vandalizar las puertas de acceso, sacaron a la lesionada y la trasladaron en un veh\u00edculo particular a un nosocomio; los testigos lograron identifica los veh\u00edculos como uno marca Suzuki Ignis color rojo y una Honda CR-V color gris con placas de circulaci\u00f3n NES- 35-38 los cuales huyeron con rumbo desconocido.<\/p>\n","protected":false},"excerpt":{"rendered":"<p>Redacci\u00f3n\/Zona Roja. Oaxaca de Ju\u00e1rez, Oax., 12 de enero de 2021.- El cuerpo sin vida&hellip;<\/p>\n","protected":false},"author":2,"featured_media":22357,"comment_status":"closed","ping_status":"open","sticky":false,"template":"","format":"standard","meta":{"_lmt_disableupdate":"","_lmt_disable":"","_jetpack_memberships_contains_paid_content":false,"footnotes":""},"categories":[109,51],"tags":[1821],"class_list":["post-22356","post","type-post","status-publish","format-standard","has-post-thumbnail","hentry","category-minuto-a-minuto","category-zona-roja","tag-asuncion-ixtaltepec"],"jetpack_featured_media_url":"https:\/\/zonaroja.com.mx\/wp-content\/uploads\/2021\/01\/cruz1.jpg","jetpack_sharing_enabled":true,"_links":{"self":[{"href":"https:\/\/zonaroja.com.mx\/index.php?rest_route=\/wp\/v2\/posts\/22356","targetHints":{"allow":["GET"]}}],"collection":[{"href":"https:\/\/zonaroja.com.mx\/index.php?rest_route=\/wp\/v2\/posts"}],"about":[{"href":"https:\/\/zonaroja.com.mx\/index.php?rest_route=\/wp\/v2\/types\/post"}],"author":[{"embeddable":true,"href":"https:\/\/zonaroja.com.mx\/index.php?rest_route=\/wp\/v2\/users\/2"}],"replies":[{"embeddable":true,"href":"https:\/\/zonaroja.com.mx\/index.php?rest_route=%2Fwp%2Fv2%2Fcomments&post=22356"}],"version-history":[{"count":1,"href":"https:\/\/zonaroja.com.mx\/index.php?rest_route=\/wp\/v2\/posts\/22356\/revisions"}],"predecessor-version":[{"id":22358,"href":"https:\/\/zonaroja.com.mx\/index.php?rest_route=\/wp\/v2\/posts\/22356\/revisions\/22358"}],"wp:featuredmedia":[{"embeddable":true,"href":"https:\/\/zonaroja.com.mx\/index.php?rest_route=\/wp\/v2\/media\/22357"}],"wp:attachment":[{"href":"https:\/\/zonaroja.com.mx\/index.php?rest_route=%2Fwp%2Fv2%2Fmedia&parent=22356"}],"wp:term":[{"taxonomy":"category","embeddable":true,"href":"https:\/\/zonaroja.com.mx\/index.php?rest_route=%2Fwp%2Fv2%2Fcategories&post=22356"},{"taxonomy":"post_tag","embeddable":true,"href":"https:\/\/zonaroja.com.mx\/index.php?rest_route=%2Fwp%2Fv2%2Ftags&post=22356"}],"curies":[{"name":"wp","href":"https:\/\/api.w.org\/{rel}","templated":true}]}}