{"id":22371,"date":"2021-01-13T08:50:25","date_gmt":"2021-01-13T14:50:25","guid":{"rendered":"http:\/\/www.zonaroja.com.mx\/?p=22371"},"modified":"2021-01-13T08:50:30","modified_gmt":"2021-01-13T14:50:30","slug":"gobernador-de-oaxaca-el-tercer-peor-evaluado-mexico-elige","status":"publish","type":"post","link":"https:\/\/zonaroja.com.mx\/?p=22371","title":{"rendered":"Gobernador de Oaxaca, el tercer peor evaluado: M\u00e9xico Elige"},"content":{"rendered":"\n<p>Yuridiana Sosa\/Zona Roja.<\/p>\n\n\n\n<p>Oaxaca de Ju\u00e1rez, Oax.- 13 de enero de 2021.- El gobernador de Oaxaca, Alejandro Murat Hinojosa, ocup\u00f3 el antepen\u00faltimo lugar como el mandatario con la evaluaci\u00f3n m\u00e1s baja en la aprobaci\u00f3n de su gobierno, de acuerdo con la encuestadora M\u00e9xico Elige.<\/p>\n\n\n\n<p>Los datos ofrecidos esta semana de enero por la empresa nacional indicaron que el mandatario priista recibi\u00f3 por parte de sus gobernados una calificaci\u00f3n del 35.9 por ciento por su desempe\u00f1o, s\u00f3lo por arriba del gobernador de Chihuahua que recibi\u00f3 35.5 y Morelos, 25.7 por ciento.<\/p>\n\n\n\n<p>La baja calificaci\u00f3n para el mandatario oaxaque\u00f1o es m\u00e1s cr\u00edtica al considerar que esta misma encuestadora dio a conocer que la aprobaci\u00f3n de Murat Hinojosa subi\u00f3 en enero en comparaci\u00f3n a diciembre.<\/p>\n\n\n\n<p>En la tabla \u201ccambio en la aprobaci\u00f3n de gobernadores entre enero \u2013diciembre\u201d revel\u00f3 que Alejandro Murat increment\u00f3 en un 1.7 por ciento el respaldo de la poblaci\u00f3n para su mandato.<\/p>\n\n\n\n<p>M\u00e9xico Elige tambi\u00e9n dio a conocer que sobre la \u201caprobaci\u00f3n del manejo de crisis del coronavirus\u201d en los gobernadores, con resultados al 10 de enero.<\/p>\n\n\n\n<p>En ese sentido, el gobernador de Oaxaca se coloc\u00f3 en el s\u00e9ptimo lugar con el promedio m\u00e1s bajo, con una aprobaci\u00f3n de 56.1 por ciento, lo cual, en el \u00e1mbito nacional es mayor que la calificaci\u00f3n que recibi\u00f3 el presidente Andr\u00e9s Manuel L\u00f3pez Obrador, de 51.5 por ciento.<\/p>\n","protected":false},"excerpt":{"rendered":"<p>Yuridiana Sosa\/Zona Roja. Oaxaca de Ju\u00e1rez, Oax.- 13 de enero de 2021.- El gobernador de&hellip;<\/p>\n","protected":false},"author":2,"featured_media":22372,"comment_status":"closed","ping_status":"open","sticky":false,"template":"","format":"standard","meta":{"_lmt_disableupdate":"","_lmt_disable":"","_jetpack_memberships_contains_paid_content":false,"footnotes":""},"categories":[109,47],"tags":[173],"class_list":["post-22371","post","type-post","status-publish","format-standard","has-post-thumbnail","hentry","category-minuto-a-minuto","category-zona-gris","tag-alejandro-murat-hinojosa"],"jetpack_featured_media_url":"https:\/\/zonaroja.com.mx\/wp-content\/uploads\/2021\/01\/Encuesta-Mexico-ELige.jpg","jetpack_sharing_enabled":true,"_links":{"self":[{"href":"https:\/\/zonaroja.com.mx\/index.php?rest_route=\/wp\/v2\/posts\/22371","targetHints":{"allow":["GET"]}}],"collection":[{"href":"https:\/\/zonaroja.com.mx\/index.php?rest_route=\/wp\/v2\/posts"}],"about":[{"href":"https:\/\/zonaroja.com.mx\/index.php?rest_route=\/wp\/v2\/types\/post"}],"author":[{"embeddable":true,"href":"https:\/\/zonaroja.com.mx\/index.php?rest_route=\/wp\/v2\/users\/2"}],"replies":[{"embeddable":true,"href":"https:\/\/zonaroja.com.mx\/index.php?rest_route=%2Fwp%2Fv2%2Fcomments&post=22371"}],"version-history":[{"count":1,"href":"https:\/\/zonaroja.com.mx\/index.php?rest_route=\/wp\/v2\/posts\/22371\/revisions"}],"predecessor-version":[{"id":22373,"href":"https:\/\/zonaroja.com.mx\/index.php?rest_route=\/wp\/v2\/posts\/22371\/revisions\/22373"}],"wp:featuredmedia":[{"embeddable":true,"href":"https:\/\/zonaroja.com.mx\/index.php?rest_route=\/wp\/v2\/media\/22372"}],"wp:attachment":[{"href":"https:\/\/zonaroja.com.mx\/index.php?rest_route=%2Fwp%2Fv2%2Fmedia&parent=22371"}],"wp:term":[{"taxonomy":"category","embeddable":true,"href":"https:\/\/zonaroja.com.mx\/index.php?rest_route=%2Fwp%2Fv2%2Fcategories&post=22371"},{"taxonomy":"post_tag","embeddable":true,"href":"https:\/\/zonaroja.com.mx\/index.php?rest_route=%2Fwp%2Fv2%2Ftags&post=22371"}],"curies":[{"name":"wp","href":"https:\/\/api.w.org\/{rel}","templated":true}]}}