{"id":22375,"date":"2021-01-13T14:19:07","date_gmt":"2021-01-13T20:19:07","guid":{"rendered":"https:\/\/www.zonaroja.com.mx\/?p=22375"},"modified":"2021-01-13T21:34:15","modified_gmt":"2021-01-14T03:34:15","slug":"que-dicha-la-tuya-en-irte-en-paz-dice-su-hija-a-othon-cuevas-en-homenaje","status":"publish","type":"post","link":"https:\/\/zonaroja.com.mx\/?p=22375","title":{"rendered":"\u201cQue dicha la tuya en irte en paz\u201d, dice su hija a Oth\u00f3n Cuevas en homenaje"},"content":{"rendered":"\n<p class=\"MsoNormal\">Yuridiana Sosa\/Zona Roja.<\/p>\n\n\n\n<p class=\"MsoNormal\">Oaxaca de Ju\u00e1rez, Oax., 13 de enero de 2021.- Diputados, familia y amigos de Oth\u00f3n Cuevas C\u00f3rdoba rindieron un homenaje p\u00f3stumo al ex diputado integrante de la 64 Legislatura de Oaxaca, quien falleci\u00f3 v\u00edctima de Covid-19 el 28 de diciembre.<\/p>\n\n\n\n<p class=\"MsoNormal\">La distinci\u00f3n se realiz\u00f3 al reanudar las actividades legislativas con en la primera sesi\u00f3n ordinaria del Congreso local de este a\u00f1o, luego del periodo vacacional.<\/p>\n\n\n\n<p class=\"MsoNormal\">Con la fotograf\u00eda del ex diputado del Partido Morena al frente y coronas florales, la sesi\u00f3n se efectu\u00f3 en la explanada central del complejo legislativo. Al pase de lista para Cuevas C\u00f3rdova, los diputados respondieron en un\u00edsono \u201c\u00a1presente!\u201d y despu\u00e9s ofrecieron un minuto de silencio en su honor.<\/p>\n\n\n\n<p class=\"MsoNormal\">\u201cEs dif\u00edcil poder decir en un mensaje de cu\u00e1nto hizo y qui\u00e9n fue, cuando se trata del hombre m\u00e1s importante de nuestras vidas\u201d, indic\u00f3 Nayeli Cuevas Santaella, hija del legislador, luego de agradecer la oportunidad para despedir a su padre de un sitio que fue indudablemente importante en su vida.<\/p>\n\n\n\n<figure class=\"wp-block-embed-twitter wp-block-embed is-type-rich is-provider-twitter\"><div class=\"wp-block-embed__wrapper\">\n<div class=\"twitter-tweet\"><blockquote class=\"twitter-tweet\" data-lang=\"es\"><p lang=\"es\" dir=\"ltr\">Estas fueron las emotivas palabras de Nayelli para su padre <a href=\"https:\/\/twitter.com\/othoncuevas?ref_src=twsrc%5Etfw\">@othoncuevas<\/a>, durante el homenaje que se rindi\u00f3 al ex legislador por Morena en la sesi\u00f3n del <a href=\"https:\/\/twitter.com\/CongresoOaxLXIV?ref_src=twsrc%5Etfw\">@CongresoOaxLXIV<\/a>; ella acudi\u00f3 acompa\u00f1ada de su hermana Itzel C\u00f3rdova Santaella. <a href=\"https:\/\/t.co\/ebncFBoGY7\">pic.twitter.com\/ebncFBoGY7<\/a><\/p>&mdash; Zona Roja Oaxaca (@MexRoja) <a href=\"https:\/\/twitter.com\/MexRoja\/status\/1349467768010264577?ref_src=twsrc%5Etfw\">13 de enero de 2021<\/a><\/blockquote><\/div>\n<\/div><\/figure>\n\n\n\n<p class=\"MsoNormal\">Nayeli, a quien su padre prepar\u00f3 en decenas de ocasiones para concurso de oratoria del que era especialista, con la voz quebrada en sentimientos lanz\u00f3 una disculpa al cielo para Oth\u00f3n Cuevas, pues no pod\u00eda seguir las reglas para ofrecer un discurso para el que nunca fueron preparadas.&nbsp;<\/p>\n\n\n\n<p class=\"MsoNormal\">\u201cQue dicha la tuya en irte en paz y reencontrarse con el amor de tu vida y claro con tu \u2018Canelo\u2019, despu\u00e9s de haber dado tanto por la humanidad, descansa en paz, papi m\u00edo\u201d, expres\u00f3 la joven hija, luego de recordar el intenso trabajo que realiz\u00f3 en vida Cuevas C\u00f3rdoba a favor de los grupos m\u00e1s vulnerables.<\/p>\n\n\n\n<p class=\"MsoNormal\">Mencion\u00f3 que los estragos de su infancia, en la que desde los 7 a\u00f1os iluminado con l\u00e1mpara de petr\u00f3leo preparaba el terreno para sembrar&nbsp;<a href=\"\/\/2\">a las 4 de la ma\u00f1ana<\/a>&nbsp;y haber prendi\u00f3 el comal de su madre durante 13 a\u00f1os, lo alcanzaron, crearon secuelas que \u201choy alejan tu presencia f\u00edsica de nosotros\u201d.<\/p>\n\n\n\n<p class=\"MsoNormal\">Situaciones por las que m\u00e1s all\u00e1 de lamentarse, le motivaron a trabajar a favor de los necesitados.\u00a0<\/p>\n\n\n\n<figure class=\"wp-block-embed-twitter wp-block-embed is-type-rich is-provider-twitter\"><div class=\"wp-block-embed__wrapper\">\n<div class=\"twitter-tweet\"><blockquote class=\"twitter-tweet\" data-lang=\"es\"><p lang=\"es\" dir=\"ltr\"><a href=\"https:\/\/twitter.com\/hashtag\/ENVIVO?src=hash&amp;ref_src=twsrc%5Etfw\">#ENVIVO<\/a> <br>San Raymundo Jalapan, Oax., 13 de enero de 2021.- El Congreso del Estado de Oaxaca reanuda su periodo de sesiones, con un homenaje p\u00f3stumo al diputado <a href=\"https:\/\/twitter.com\/othoncuevas?ref_src=twsrc%5Etfw\">@othoncuevas<\/a>.<br><br>Aqu\u00ed la transmisi\u00f3n <br>\ud83d\udc47<a href=\"https:\/\/t.co\/BuTj9UXSBA\">https:\/\/t.co\/BuTj9UXSBA<\/a> <a href=\"https:\/\/t.co\/VAvZgXcnZa\">pic.twitter.com\/VAvZgXcnZa<\/a><\/p>&mdash; Zona Roja Oaxaca (@MexRoja) <a href=\"https:\/\/twitter.com\/MexRoja\/status\/1349422456294019074?ref_src=twsrc%5Etfw\">13 de enero de 2021<\/a><\/blockquote><\/div>\n<\/div><\/figure>\n\n\n\n<p class=\"MsoNormal\">\u201cEn esto momentos, papi, se han salvado cientos de familias de ser agraviadas por este virus gracias a una buena alimentaci\u00f3n en base de amaranto, en estos momentos, muchos ni\u00f1os y ni\u00f1os no tienen que vender azucenas para comprarse un par de zapatos, puesto que tu lucha a trav\u00e9s de la biblioteca El Rehilete, en comunidad con Amaranto de Mesoam\u00e9rica y tu intervenci\u00f3n en la pol\u00edtica ha dado frutos\u201d.<\/p>\n\n\n\n<p class=\"MsoNormal\">Soportando el llanto, Nayeli Cuevas, en presencia de su hermana Itzel, se despidi\u00f3: \u201cTe extra\u00f1aremos todos los d\u00edas de nuestras vidas, pero tu misi\u00f3n ha terminado, y est\u00e1s presente a diario\u2026 Seguiremos tu huella y honraremos tu memoria, ve jubiloso papi, vayamos jubilosos\u201d, como su padre dec\u00eda. <\/p>\n\n\n\n<p class=\"MsoNormal\">Por su parte, la presidenta de la Junta de Coordinaci\u00f3n Pol\u00edtica (Jucopo) del Congreso del Estado, Delfina Guzm\u00e1n D\u00edaz, resalt\u00f3 la labor social, trabajo pol\u00edtico y legislativo de su ex compa\u00f1ero.<\/p>\n\n\n\n<p class=\"MsoNormal\">\u201cFue siempre un hombre de palabra y compromiso; de acciones y resultados; de amistades y compa\u00f1erismo\u201d, expres\u00f3 la diputada de Morena, quien tambi\u00e9n reconoci\u00f3 que la poblaci\u00f3n perdi\u00f3 a un hombre de lucha, responsable, con firmes ideales, digno representante popular y de la cuarta transformaci\u00f3n.<\/p>\n\n\n\n<figure class=\"wp-block-embed-twitter wp-block-embed is-type-rich is-provider-twitter\"><div class=\"wp-block-embed__wrapper\">\n<div class=\"twitter-tweet\"><blockquote class=\"twitter-tweet\" data-lang=\"es\"><p lang=\"es\" dir=\"ltr\">Durante el homenaje p\u00f3stumo a <a href=\"https:\/\/twitter.com\/othoncuevas?ref_src=twsrc%5Etfw\">@othoncuevas<\/a>, la presidenta de la Junta de Coordinaci\u00f3n Pol\u00edtica y de la fracci\u00f3n parlamentaria de Morena, <a href=\"https:\/\/twitter.com\/DelfinaGuzmanD1?ref_src=twsrc%5Etfw\">@DelfinaGuzmanD1<\/a>, resalt\u00f3 la trayectoria del ex legislador, en presencia de sus familiares. <a href=\"https:\/\/t.co\/MI9CltWt70\">pic.twitter.com\/MI9CltWt70<\/a><\/p>&mdash; Zona Roja Oaxaca (@MexRoja) <a href=\"https:\/\/twitter.com\/MexRoja\/status\/1349433439355887619?ref_src=twsrc%5Etfw\">13 de enero de 2021<\/a><\/blockquote><\/div>\n<\/div><\/figure>\n\n\n\n<p class=\"MsoNormal\">Apunt\u00f3 que durante su trayectoria pol\u00edtica se distingui\u00f3 por ser un defensor de comunidades ind\u00edgenas, as\u00ed como para los productores agr\u00edcolas y defraudados por cajas de ahorro.<\/p>\n\n\n\n<p class=\"MsoNormal\">Mientras que su labor en la 64 legislatura qued\u00f3 plasmada en temas de derechos humanos, protecci\u00f3n, igualdad de g\u00e9nero, justicia, y medio ambiente.<\/p>\n\n\n\n<p class=\"MsoNormal\">Tras el homenaje, la Mesa Directiva tom\u00f3 protesta al suplente del extinto diputado Oth\u00f3n Cuevas, Sa\u00fal Rub\u00e9n D\u00edaz Bautista, como nuevo legislador del Congreso del Estado.<\/p>\n","protected":false},"excerpt":{"rendered":"<p>Yuridiana Sosa\/Zona Roja. Oaxaca de Ju\u00e1rez, Oax., 13 de enero de 2021.- Diputados, familia y&hellip;<\/p>\n","protected":false},"author":2,"featured_media":22374,"comment_status":"closed","ping_status":"open","sticky":false,"template":"","format":"standard","meta":{"_lmt_disableupdate":"","_lmt_disable":"","_jetpack_memberships_contains_paid_content":false,"footnotes":""},"categories":[109,46],"tags":[213],"class_list":["post-22375","post","type-post","status-publish","format-standard","has-post-thumbnail","hentry","category-minuto-a-minuto","category-zona-blanca","tag-64-legislatura-de-oaxaca"],"jetpack_featured_media_url":"https:\/\/zonaroja.com.mx\/wp-content\/uploads\/2021\/01\/7d0a0e29-ae45-42c0-b65a-ccbf1fde0547.jpg","jetpack_sharing_enabled":true,"_links":{"self":[{"href":"https:\/\/zonaroja.com.mx\/index.php?rest_route=\/wp\/v2\/posts\/22375","targetHints":{"allow":["GET"]}}],"collection":[{"href":"https:\/\/zonaroja.com.mx\/index.php?rest_route=\/wp\/v2\/posts"}],"about":[{"href":"https:\/\/zonaroja.com.mx\/index.php?rest_route=\/wp\/v2\/types\/post"}],"author":[{"embeddable":true,"href":"https:\/\/zonaroja.com.mx\/index.php?rest_route=\/wp\/v2\/users\/2"}],"replies":[{"embeddable":true,"href":"https:\/\/zonaroja.com.mx\/index.php?rest_route=%2Fwp%2Fv2%2Fcomments&post=22375"}],"version-history":[{"count":2,"href":"https:\/\/zonaroja.com.mx\/index.php?rest_route=\/wp\/v2\/posts\/22375\/revisions"}],"predecessor-version":[{"id":22396,"href":"https:\/\/zonaroja.com.mx\/index.php?rest_route=\/wp\/v2\/posts\/22375\/revisions\/22396"}],"wp:featuredmedia":[{"embeddable":true,"href":"https:\/\/zonaroja.com.mx\/index.php?rest_route=\/wp\/v2\/media\/22374"}],"wp:attachment":[{"href":"https:\/\/zonaroja.com.mx\/index.php?rest_route=%2Fwp%2Fv2%2Fmedia&parent=22375"}],"wp:term":[{"taxonomy":"category","embeddable":true,"href":"https:\/\/zonaroja.com.mx\/index.php?rest_route=%2Fwp%2Fv2%2Fcategories&post=22375"},{"taxonomy":"post_tag","embeddable":true,"href":"https:\/\/zonaroja.com.mx\/index.php?rest_route=%2Fwp%2Fv2%2Ftags&post=22375"}],"curies":[{"name":"wp","href":"https:\/\/api.w.org\/{rel}","templated":true}]}}