{"id":2238,"date":"2019-07-14T09:00:30","date_gmt":"2019-07-14T14:00:30","guid":{"rendered":"http:\/\/www.zonaroja.com.mx\/?p=2238"},"modified":"2019-07-13T19:24:39","modified_gmt":"2019-07-14T00:24:39","slug":"comunicadoras-impulsan-el-comercio-artesanal-y-cuidado-del-ambiente","status":"publish","type":"post","link":"https:\/\/zonaroja.com.mx\/?p=2238","title":{"rendered":"Comunicadoras impulsan el comercio artesanal y cuidado del ambiente"},"content":{"rendered":"\n<p>Evlin Arag\u00f3n<\/p>\n\n\n\n<p>Oaxaca de\nJu\u00e1rez, Oax., 13 de julio de 2019.- Mujeres periodista de diferentes medios de\ncomunicaci\u00f3n de Oaxaca se han unido para conformar el Colectivo de Mujeres\nPeriodistas Precursoras Bio, con la intenci\u00f3n de impulsar la gastronom\u00eda, la\nartesan\u00eda, el rescate de espacios p\u00fablicos y el cuidado al medio ambiente.<\/p>\n\n\n\n<p>Plantas\nmedicinales, productos gastron\u00f3micos de diversas regiones de la entidad\noaxaque\u00f1a, ropa t\u00edpica, artesan\u00edas, entre otros productos se pueden encontrar\nen el espacio ubicado en la periferia de la ciudad y habilitado para que todos\nlos domingos se realice la venta a fin de promover la econom\u00eda solidaria.<\/p>\n\n\n\n<p>La iniciativa la conforman Virginia \u00c1vila, Silvia Chabela Rivas, Maribel Mendoza, Jazm\u00edn G\u00f3mez, Giovanna Mart\u00ednez, Carina Garc\u00eda, Sayra Cruz, entre otras mujeres que se van sumado a un proyecto de largo aliento, que incluso buscan consolidar como un foro cultural cercano a la poblaci\u00f3n.<\/p>\n\n\n\n<figure class=\"wp-block-embed-twitter wp-block-embed is-type-rich is-provider-twitter\"><div class=\"wp-block-embed__wrapper\">\n<div class=\"twitter-tweet\"><blockquote class=\"twitter-tweet\" data-lang=\"es\"><p lang=\"es\" dir=\"ltr\">Los esperamos en nuestro &quot;Mercado Artesanal&quot; hemos preparado diversos manjares de nuestra gastronom\u00eda para recibirlos, caf\u00e9 org\u00e1nico, artesan\u00edas y diversos productos oaxaque\u00f1os. NO FALTEN!!! \u2665\ufe0f <a href=\"https:\/\/twitter.com\/hashtag\/Oaxaca?src=hash&amp;ref_src=twsrc%5Etfw\">#Oaxaca<\/a> <a href=\"https:\/\/twitter.com\/hashtag\/M%C3%A9xico?src=hash&amp;ref_src=twsrc%5Etfw\">#M\u00e9xico<\/a> <a href=\"https:\/\/twitter.com\/hashtag\/ConsumeLocal?src=hash&amp;ref_src=twsrc%5Etfw\">#ConsumeLocal<\/a> <a href=\"https:\/\/twitter.com\/hashtag\/Domingo?src=hash&amp;ref_src=twsrc%5Etfw\">#Domingo<\/a> <a href=\"https:\/\/t.co\/gunHhybYQB\">pic.twitter.com\/gunHhybYQB<\/a><\/p>&mdash; CanastaArtesanal (@CanastaArtesan1) <a href=\"https:\/\/twitter.com\/CanastaArtesan1\/status\/1147853913954983937?ref_src=twsrc%5Etfw\">7 de julio de 2019<\/a><\/blockquote><\/div>\n<\/div><\/figure>\n\n\n\n<p>\u201cQueremos\naportar nuestro granito de arena para tener un mundo mejor, es un foro abierto\npara todas las expresiones, es un gran esfuerzo de muchas de nosotras y\nqueremos que se acerquen\u201d, argumentaron a trav\u00e9s de las redes sociales.<\/p>\n\n\n\n<p>El consumo\nde los diferentes productos no es el \u00fanico objetivo, ya que en d\u00edas pasados\nconvocaron y realizaron un tequio al que respondieron habitantes de la colonia\nMorelos, donde su ubica el establecimiento, a fin de limpiar y darle\nmantenimiento a uno de los pocos pulmones con los que cuenta la ciudad.<\/p>\n\n\n\n<p>As\u00ed mismo\nbuscan que el espacio sea el punto de reuni\u00f3n para generar aprendizaje\ncolectivo en beneficio de la localidad, por lo que prev\u00e9n charlas y\nconferencias en torno al periodismo, la prevenci\u00f3n de violencia hacia las\nmujeres, las personas con discapacidades, el cuidado del medio, el rescate de\nlas tradiciones, entre otros.<\/p>\n\n\n\n<p>\u201cInvitamos a\ntodas las personas a que se acerque, no s\u00f3lo a consumir, sino a hacer comunidad\njunto con nosotras\u201d, concluyeron.<\/p>\n\n\n\n<p>El espacio\ndenominado Canasta Artesanal se localiza en la calle 1 de Mayo de la colonia\nMorelos de la capital oaxaque\u00f1a, cerca del Perif\u00e9rico por el lado oriente y\nabre los s\u00e1bados y domingos a partir de las 10:00 horas.<\/p>\n","protected":false},"excerpt":{"rendered":"<p>Evlin Arag\u00f3n Oaxaca de Ju\u00e1rez, Oax., 13 de julio de 2019.- Mujeres periodista de diferentes&hellip;<\/p>\n","protected":false},"author":2,"featured_media":2240,"comment_status":"closed","ping_status":"open","sticky":false,"template":"","format":"standard","meta":{"_lmt_disableupdate":"","_lmt_disable":"","_jetpack_memberships_contains_paid_content":false,"footnotes":""},"categories":[109],"tags":[341],"class_list":["post-2238","post","type-post","status-publish","format-standard","has-post-thumbnail","hentry","category-minuto-a-minuto","tag-canasta-artesanal-colectivo-de-mujeres-periodistas-precursoras-bio"],"jetpack_featured_media_url":"https:\/\/zonaroja.com.mx\/wp-content\/uploads\/2019\/07\/IMG_9237.jpg","jetpack_sharing_enabled":true,"_links":{"self":[{"href":"https:\/\/zonaroja.com.mx\/index.php?rest_route=\/wp\/v2\/posts\/2238","targetHints":{"allow":["GET"]}}],"collection":[{"href":"https:\/\/zonaroja.com.mx\/index.php?rest_route=\/wp\/v2\/posts"}],"about":[{"href":"https:\/\/zonaroja.com.mx\/index.php?rest_route=\/wp\/v2\/types\/post"}],"author":[{"embeddable":true,"href":"https:\/\/zonaroja.com.mx\/index.php?rest_route=\/wp\/v2\/users\/2"}],"replies":[{"embeddable":true,"href":"https:\/\/zonaroja.com.mx\/index.php?rest_route=%2Fwp%2Fv2%2Fcomments&post=2238"}],"version-history":[{"count":1,"href":"https:\/\/zonaroja.com.mx\/index.php?rest_route=\/wp\/v2\/posts\/2238\/revisions"}],"predecessor-version":[{"id":2239,"href":"https:\/\/zonaroja.com.mx\/index.php?rest_route=\/wp\/v2\/posts\/2238\/revisions\/2239"}],"wp:featuredmedia":[{"embeddable":true,"href":"https:\/\/zonaroja.com.mx\/index.php?rest_route=\/wp\/v2\/media\/2240"}],"wp:attachment":[{"href":"https:\/\/zonaroja.com.mx\/index.php?rest_route=%2Fwp%2Fv2%2Fmedia&parent=2238"}],"wp:term":[{"taxonomy":"category","embeddable":true,"href":"https:\/\/zonaroja.com.mx\/index.php?rest_route=%2Fwp%2Fv2%2Fcategories&post=2238"},{"taxonomy":"post_tag","embeddable":true,"href":"https:\/\/zonaroja.com.mx\/index.php?rest_route=%2Fwp%2Fv2%2Ftags&post=2238"}],"curies":[{"name":"wp","href":"https:\/\/api.w.org\/{rel}","templated":true}]}}