{"id":22382,"date":"2021-01-13T19:18:34","date_gmt":"2021-01-14T01:18:34","guid":{"rendered":"http:\/\/www.zonaroja.com.mx\/?p=22382"},"modified":"2021-01-13T19:19:56","modified_gmt":"2021-01-14T01:19:56","slug":"piden-que-muerte-de-arleth-azucena-no-quede-impune-y-que-se-investigue-como-feminicidio","status":"publish","type":"post","link":"https:\/\/zonaroja.com.mx\/?p=22382","title":{"rendered":"Piden que muerte de Arleth Azucena no quede impune y que se investigue como feminicidio"},"content":{"rendered":"\n<p>Evlin Arag\u00f3n\/Zona Roja.<\/p>\n\n\n\n<p>Oaxaca de Ju\u00e1rez, Oax., 13 de enero de 2021.- Poco a poco, la imagen de Arleth Azucena comienza a hacerse viral en las redes sociales, acompa\u00f1ada de un escrito que han compartido sus familiares y amistades m\u00e1s cercanas que indigna, conmueve y sobre todo es un llamado a la justicia.<\/p>\n\n\n\n<p>A sus escasos 20 a\u00f1os de edad, ella se convirti\u00f3 en una v\u00edctima m\u00e1s de la violencia feminicida que nadie puede contener en Oaxaca y que la mayor\u00eda de las veces es minimizada por las autoridades de procuraci\u00f3n de justicia que insisten en negar las investigaciones por feminicidios, para reducir as\u00ed las cifras que reportan al gobierno federal y los medios de comunicaci\u00f3n.&nbsp;<\/p>\n\n\n\n<p>El texto escrito en primera persona, busca difundir las condiciones en las que le fue arrebatada la vida a la joven, hacer conciencia sobre la realidad a la que se enfrentan las mujeres en la entidad, exigir que el caso sea investigado como feminicidio y por consiguiente sancionar a los responsables.&nbsp;<\/p>\n\n\n\n<p>\u201cSal\u00ed de mi jornada de trabajo a la 9:00 pm, el d\u00eda viernes 8 de enero de 2021, camin\u00e9 algunas calles del centro hist\u00f3rico de Oaxaca para abordar el taxi que me llevara a mi hogar. \u00a1Nunca llegu\u00e9 a casa! Me levantaron, me llevaron\u2026 manos criminales terminaron con mi vida y aparec\u00ed al d\u00eda siguiente en un terreno bald\u00edo\u201d, refiere el crudo relato.<\/p>\n\n\n\n<p>El mismo hace una dura cr\u00edtica a las autoridades del gobierno de Oaxaca que sigue sin garantizar el derecho de las mujeres a vivir una vida libre de violencia como lo mandata la ley, adem\u00e1s de referir que lamentablemente, las mujeres s\u00f3lo est\u00e1n presentes cuando est\u00e1n ausentes y vivas cuando est\u00e1n muertas.&nbsp;&nbsp;<\/p>\n\n\n\n<p>\u201cLos asesinos robaron mi vida, mis sue\u00f1os a los 20 a\u00f1os, la tranquilidad de mi familia. Pero no s\u00f3lo son ellos los criminales, tambi\u00e9n lo es este gobierno que me rob\u00f3 el derecho a la protecci\u00f3n como mujer y ciudadana\u201d, cita.&nbsp;<\/p>\n\n\n\n<p>Refiere la falta de capacidad de la Fiscal\u00eda General del Estado para garantizar justicia a las v\u00edctimas, adem\u00e1s de su insistencia en minimizar los feminicidios, al investigar las agresiones contra las mujeres como asesinatos simples.\u00a0<\/p>\n\n\n\n<figure class=\"wp-block-image size-large\"><img decoding=\"async\" width=\"720\" height=\"1024\" src=\"http:\/\/www.zonaroja.com.mx\/wp-content\/uploads\/2021\/01\/arleth-azucena.jpg\" alt=\"\" class=\"wp-image-22385\" srcset=\"https:\/\/zonaroja.com.mx\/wp-content\/uploads\/2021\/01\/arleth-azucena.jpg 720w, https:\/\/zonaroja.com.mx\/wp-content\/uploads\/2021\/01\/arleth-azucena-211x300.jpg 211w, https:\/\/zonaroja.com.mx\/wp-content\/uploads\/2021\/01\/arleth-azucena-585x832.jpg 585w\" sizes=\"(max-width: 720px) 100vw, 720px\" \/><\/figure>\n\n\n\n<p>\u201cEstoy muerta. Doblemente violentada. Desde las manos de los criminales que arrebataron mi vida y el Ministerio P\u00fablico oaxaque\u00f1o que me niega la justicia, catalogando mi muerte como asesinato y no como feminicidio.<\/p>\n\n\n\n<p>\u201cNi una menos hemos dicho infinidad de veces. Pero el n\u00famero va en aumento, ma\u00f1ana me nombrar\u00e1n como una cifra y tambi\u00e9n me habr\u00e1n robado el derecho a un nombre propio que exige justicia\u201d.<\/p>\n\n\n\n<p>El texto acompa\u00f1ado de una foto de Arleth Azucena es un llamado a la sociedad para exigir justicia por su asesinato violento, el cual piden sea investigado como feminicidio y no quede impune.<\/p>\n\n\n\n<p>\u201cAy\u00fadame, no permitas que mi muerte quede impune. \u00a1Que se investigue como feminicidio, no como asesinato! Coloca este mensaje en tus redes sociales, en tu perfil, d\u00e9jame en ellos hasta que las autoridades reconozcan e investiguen mi muerte como acto de violencia hacia la mujer\u201d, expone.&nbsp;&nbsp;<\/p>\n\n\n\n<p>El cuerpo sin vida de la joven fue localizado el pasado s\u00e1bado en un predio ubicado en inmediaciones de San Antonio de la Cal. La causa de la muerte: asfixia mec\u00e1nica por estrangulamiento.&nbsp;<\/p>\n\n\n\n<p>La muerte de Arleth, quien viv\u00eda en el municipio de Cuil\u00e1pam de Guerrero y se dedicaba a las ventas, fue contabilizado como el feminicidio n\u00famero 500 de la administraci\u00f3n de Alejandro Murat Hinojosa, que est\u00e1 a poco de convertirse en la m\u00e1s violenta de la historia.<\/p>\n","protected":false},"excerpt":{"rendered":"<p>Evlin Arag\u00f3n\/Zona Roja. Oaxaca de Ju\u00e1rez, Oax., 13 de enero de 2021.- Poco a poco,&hellip;<\/p>\n","protected":false},"author":2,"featured_media":22383,"comment_status":"closed","ping_status":"open","sticky":false,"template":"","format":"standard","meta":{"_lmt_disableupdate":"","_lmt_disable":"","_jetpack_memberships_contains_paid_content":false,"footnotes":""},"categories":[109,47],"tags":[2371],"class_list":["post-22382","post","type-post","status-publish","format-standard","has-post-thumbnail","hentry","category-minuto-a-minuto","category-zona-gris","tag-arleth-azucena-sosa-ruiz"],"jetpack_featured_media_url":"https:\/\/zonaroja.com.mx\/wp-content\/uploads\/2021\/01\/Arleth-Azucena1.jpg","jetpack_sharing_enabled":true,"_links":{"self":[{"href":"https:\/\/zonaroja.com.mx\/index.php?rest_route=\/wp\/v2\/posts\/22382","targetHints":{"allow":["GET"]}}],"collection":[{"href":"https:\/\/zonaroja.com.mx\/index.php?rest_route=\/wp\/v2\/posts"}],"about":[{"href":"https:\/\/zonaroja.com.mx\/index.php?rest_route=\/wp\/v2\/types\/post"}],"author":[{"embeddable":true,"href":"https:\/\/zonaroja.com.mx\/index.php?rest_route=\/wp\/v2\/users\/2"}],"replies":[{"embeddable":true,"href":"https:\/\/zonaroja.com.mx\/index.php?rest_route=%2Fwp%2Fv2%2Fcomments&post=22382"}],"version-history":[{"count":1,"href":"https:\/\/zonaroja.com.mx\/index.php?rest_route=\/wp\/v2\/posts\/22382\/revisions"}],"predecessor-version":[{"id":22386,"href":"https:\/\/zonaroja.com.mx\/index.php?rest_route=\/wp\/v2\/posts\/22382\/revisions\/22386"}],"wp:featuredmedia":[{"embeddable":true,"href":"https:\/\/zonaroja.com.mx\/index.php?rest_route=\/wp\/v2\/media\/22383"}],"wp:attachment":[{"href":"https:\/\/zonaroja.com.mx\/index.php?rest_route=%2Fwp%2Fv2%2Fmedia&parent=22382"}],"wp:term":[{"taxonomy":"category","embeddable":true,"href":"https:\/\/zonaroja.com.mx\/index.php?rest_route=%2Fwp%2Fv2%2Fcategories&post=22382"},{"taxonomy":"post_tag","embeddable":true,"href":"https:\/\/zonaroja.com.mx\/index.php?rest_route=%2Fwp%2Fv2%2Ftags&post=22382"}],"curies":[{"name":"wp","href":"https:\/\/api.w.org\/{rel}","templated":true}]}}