{"id":22388,"date":"2021-01-13T20:31:08","date_gmt":"2021-01-14T02:31:08","guid":{"rendered":"http:\/\/www.zonaroja.com.mx\/?p=22388"},"modified":"2021-01-13T20:31:54","modified_gmt":"2021-01-14T02:31:54","slug":"declaran-congreso-de-oaxaca-2021-ano-del-reconocimiento-al-personal-de-salud","status":"publish","type":"post","link":"https:\/\/zonaroja.com.mx\/?p=22388","title":{"rendered":"Declaran Congreso de Oaxaca 2021, A\u00f1o del Reconocimiento al Personal de Salud"},"content":{"rendered":"\n<p>Yuridiana Sosa\/Zona Roja.<\/p>\n\n\n\n<p>axaca de Ju\u00e1rez, Oax., 13 de enero de 2021.- Como una forma de rendir un homenaje a su ardua labor en medio de la contingencia sanitaria, la 64 legislatura del Congreso de Oaxaca aprob\u00f3 declarar al \u201c2021, A\u00f1o del Reconocimiento al Personal de Salud, por la Lucha Contra el Virus SARS-CoV2, COVID-19\u201d.<\/p>\n\n\n\n<p>La declaraci\u00f3n se formaliz\u00f3 durante la sesi\u00f3n extraordinaria de este mi\u00e9rcoles la cual &#8211;ante el incremento de casos Covid-19 en la entidad, con afectaciones tanto en diputados como en trabajadores del complejo legislativo&#8211; se realiz\u00f3 por primera vez de forma virtual como medida de prevenci\u00f3n.<\/p>\n\n\n\n<p>El diputado del Partido del Trabajo, C\u00e9sar Morales Ni\u00f1o, integrante de la Comisi\u00f3n Permanente de Salud, se\u00f1al\u00f3 que esta acci\u00f3n forma parte del digno reconocimiento que merece el sector salud en nuestra entidad por su entrega, compromiso y vocaci\u00f3n en la batalla contra la pandemia.<\/p>\n\n\n\n<p>Por esta raz\u00f3n, a partir de dicha declaraci\u00f3n las plataformas de comunicaci\u00f3n y documentos oficiales de los tres Poderes del Estado, \u00d3rganos Aut\u00f3nomos y Municipios del Estado deber\u00e1n insertar la leyenda \u201c2021, A\u00f1o del Reconocimiento al Personal de Salud, por la Lucha Contra el Virus SARS-CoV2, COVID-19\u201d, durante el periodo comprendido del 1 de enero al 31 de diciembre del 2021.<\/p>\n\n\n\n<p>\u201cEs lo menos que podemos hacer por el personal m\u00e9dico, que a\u00fan a costa de su propia vida, no ha dejado de luchar por salvar la vida de las oaxaque\u00f1as y oaxaque\u00f1as que desgraciadamente han contra\u00eddo este mal y que a muchos han perdido la vida\u201d, expres\u00f3 el legislador.<\/p>\n\n\n\n<p>Esta aprobaci\u00f3n coindice con el inicio del proceso de aplicaci\u00f3n de la vacuna contra el Covid-19 al personal de salud, de la primera l\u00ednea de batalla, en toda la entidad.<\/p>\n","protected":false},"excerpt":{"rendered":"<p>Yuridiana Sosa\/Zona Roja. axaca de Ju\u00e1rez, Oax., 13 de enero de 2021.- Como una forma&hellip;<\/p>\n","protected":false},"author":2,"featured_media":22391,"comment_status":"closed","ping_status":"open","sticky":false,"template":"","format":"standard","meta":{"_lmt_disableupdate":"","_lmt_disable":"","_jetpack_memberships_contains_paid_content":false,"footnotes":""},"categories":[109,46],"tags":[213,612],"class_list":["post-22388","post","type-post","status-publish","format-standard","has-post-thumbnail","hentry","category-minuto-a-minuto","category-zona-blanca","tag-64-legislatura-de-oaxaca","tag-cesar-morales-nino"],"jetpack_featured_media_url":"https:\/\/zonaroja.com.mx\/wp-content\/uploads\/2021\/01\/9acb8c5f-1d33-491c-a37e-4a12b5779d1e.jpg","jetpack_sharing_enabled":true,"_links":{"self":[{"href":"https:\/\/zonaroja.com.mx\/index.php?rest_route=\/wp\/v2\/posts\/22388","targetHints":{"allow":["GET"]}}],"collection":[{"href":"https:\/\/zonaroja.com.mx\/index.php?rest_route=\/wp\/v2\/posts"}],"about":[{"href":"https:\/\/zonaroja.com.mx\/index.php?rest_route=\/wp\/v2\/types\/post"}],"author":[{"embeddable":true,"href":"https:\/\/zonaroja.com.mx\/index.php?rest_route=\/wp\/v2\/users\/2"}],"replies":[{"embeddable":true,"href":"https:\/\/zonaroja.com.mx\/index.php?rest_route=%2Fwp%2Fv2%2Fcomments&post=22388"}],"version-history":[{"count":1,"href":"https:\/\/zonaroja.com.mx\/index.php?rest_route=\/wp\/v2\/posts\/22388\/revisions"}],"predecessor-version":[{"id":22390,"href":"https:\/\/zonaroja.com.mx\/index.php?rest_route=\/wp\/v2\/posts\/22388\/revisions\/22390"}],"wp:featuredmedia":[{"embeddable":true,"href":"https:\/\/zonaroja.com.mx\/index.php?rest_route=\/wp\/v2\/media\/22391"}],"wp:attachment":[{"href":"https:\/\/zonaroja.com.mx\/index.php?rest_route=%2Fwp%2Fv2%2Fmedia&parent=22388"}],"wp:term":[{"taxonomy":"category","embeddable":true,"href":"https:\/\/zonaroja.com.mx\/index.php?rest_route=%2Fwp%2Fv2%2Fcategories&post=22388"},{"taxonomy":"post_tag","embeddable":true,"href":"https:\/\/zonaroja.com.mx\/index.php?rest_route=%2Fwp%2Fv2%2Ftags&post=22388"}],"curies":[{"name":"wp","href":"https:\/\/api.w.org\/{rel}","templated":true}]}}