{"id":22399,"date":"2021-01-14T07:44:06","date_gmt":"2021-01-14T13:44:06","guid":{"rendered":"http:\/\/www.zonaroja.com.mx\/?p=22399"},"modified":"2021-01-14T07:44:11","modified_gmt":"2021-01-14T13:44:11","slug":"por-error-policia-dispara-en-la-mandibula-a-una-mujer-en-oaxaca","status":"publish","type":"post","link":"https:\/\/zonaroja.com.mx\/?p=22399","title":{"rendered":"Por \u201cerror\u201d, polic\u00eda dispara en la mand\u00edbula a una mujer en Oaxaca"},"content":{"rendered":"\n<p>Redacci\u00f3n\/Zona Roja. Foto: Archivo<\/p>\n\n\n\n<p>Oaxaca de Ju\u00e1rez, Oax., 14 de enero de 2021.- Supuestamente por un \u201cerror\u201d, un polic\u00eda municipal de Oaxaca dispar\u00f3 en contra de una mujer y le lesion\u00f3 la mand\u00edbula; la v\u00edctima es esposa de Joel Castillo P\u00e9rez, ex dirigente del sindicato de trabajadores del gobierno estatal.<\/p>\n\n\n\n<p>Los hechos sucedieron alrededor de las 21:00 horas en la calle Venustiano Carranza de San Agust\u00edn de las Juntas, un municipio conurbado por la zona sur de la capital del estado.<\/p>\n\n\n\n<p>Presuntamente en estado de ebriedad, el polic\u00eda \u00c1ngel A. G., accion\u00f3 su arma y la bala fue a dar al rostro de Martha C. S., quien fue trasladada de inmediato a un hospital.<\/p>\n\n\n\n<p>Personal de la polic\u00eda municipal detuvo al elemento policiaco y lo puso a disposici\u00f3n de la Fiscal\u00eda General del Estado de Oaxaca.<\/p>\n\n\n\n<p>Inicialmente se inform\u00f3 que se trataba de un atentado contra Joel Castillo P\u00e9rez, lo cual no ha sido desmentido por las autoridades del Gobierno del Estado.<\/p>\n","protected":false},"excerpt":{"rendered":"<p>Redacci\u00f3n\/Zona Roja. Foto: Archivo Oaxaca de Ju\u00e1rez, Oax., 14 de enero de 2021.- Supuestamente por&hellip;<\/p>\n","protected":false},"author":2,"featured_media":22400,"comment_status":"closed","ping_status":"open","sticky":false,"template":"","format":"standard","meta":{"_lmt_disableupdate":"","_lmt_disable":"","_jetpack_memberships_contains_paid_content":false,"footnotes":""},"categories":[109,47],"tags":[743],"class_list":["post-22399","post","type-post","status-publish","format-standard","has-post-thumbnail","hentry","category-minuto-a-minuto","category-zona-gris","tag-san-agustin-de-las-juntas"],"jetpack_featured_media_url":"https:\/\/zonaroja.com.mx\/wp-content\/uploads\/2021\/01\/San-Agustin-de-las-Juntas-2.jpg","jetpack_sharing_enabled":true,"_links":{"self":[{"href":"https:\/\/zonaroja.com.mx\/index.php?rest_route=\/wp\/v2\/posts\/22399","targetHints":{"allow":["GET"]}}],"collection":[{"href":"https:\/\/zonaroja.com.mx\/index.php?rest_route=\/wp\/v2\/posts"}],"about":[{"href":"https:\/\/zonaroja.com.mx\/index.php?rest_route=\/wp\/v2\/types\/post"}],"author":[{"embeddable":true,"href":"https:\/\/zonaroja.com.mx\/index.php?rest_route=\/wp\/v2\/users\/2"}],"replies":[{"embeddable":true,"href":"https:\/\/zonaroja.com.mx\/index.php?rest_route=%2Fwp%2Fv2%2Fcomments&post=22399"}],"version-history":[{"count":1,"href":"https:\/\/zonaroja.com.mx\/index.php?rest_route=\/wp\/v2\/posts\/22399\/revisions"}],"predecessor-version":[{"id":22401,"href":"https:\/\/zonaroja.com.mx\/index.php?rest_route=\/wp\/v2\/posts\/22399\/revisions\/22401"}],"wp:featuredmedia":[{"embeddable":true,"href":"https:\/\/zonaroja.com.mx\/index.php?rest_route=\/wp\/v2\/media\/22400"}],"wp:attachment":[{"href":"https:\/\/zonaroja.com.mx\/index.php?rest_route=%2Fwp%2Fv2%2Fmedia&parent=22399"}],"wp:term":[{"taxonomy":"category","embeddable":true,"href":"https:\/\/zonaroja.com.mx\/index.php?rest_route=%2Fwp%2Fv2%2Fcategories&post=22399"},{"taxonomy":"post_tag","embeddable":true,"href":"https:\/\/zonaroja.com.mx\/index.php?rest_route=%2Fwp%2Fv2%2Ftags&post=22399"}],"curies":[{"name":"wp","href":"https:\/\/api.w.org\/{rel}","templated":true}]}}