{"id":22402,"date":"2021-01-14T07:52:23","date_gmt":"2021-01-14T13:52:23","guid":{"rendered":"http:\/\/www.zonaroja.com.mx\/?p=22402"},"modified":"2021-01-14T07:52:27","modified_gmt":"2021-01-14T13:52:27","slug":"mantiene-modesto-seara-rector-del-suneo-negativa-de-reinstalar-a-profesora","status":"publish","type":"post","link":"https:\/\/zonaroja.com.mx\/?p=22402","title":{"rendered":"Mantiene Modesto Seara, rector del Suneo negativa de reinstalar a profesora"},"content":{"rendered":"\n<p>Evlin Arag\u00f3n\/Zona Roja.<\/p>\n\n\n\n<p>Oaxaca de Ju\u00e1rez, Oax., 14 de enero de 2021.- Virginia Ilescas Vela, ex catedr\u00e1tica de la Universidad del Istmo, campus Ciudad Ixtepec, asegur\u00f3 que, hasta el d\u00eda de hoy, Modesto Seara V\u00e1squez, m\u00e1xima autoridad del Sistema de Universidades Estatales de Oaxaca (Suneo), se niega a acatar los compromisos de \u00abCero Tolerancia a la Violencia contra las Mujeres\u00bb del gobernador Alejandro Murat Hinojosa.&nbsp;<\/p>\n\n\n\n<p>Con lo anterior dijo, deja claro que la pol\u00edtica p\u00fablica implementada para prevenir, atender, sancionar y erradicar la violencia de g\u00e9nero es una falacia en las universidades p\u00fablicas y en el estado de Oaxaca, ello en agravio de las mujeres, que conforman m\u00e1s de la mitad de la poblaci\u00f3n.&nbsp;<\/p>\n\n\n\n<p>Ilescas Vela dio a conocer que, independientemente de la negativa de atender el pago pendiente y su reinstalaci\u00f3n, Modesto Seara miente con respecto a la instrucci\u00f3n de gobernador, realizada el pasado 3 de diciembre, afirmando que s\u00f3lo dio la orden del pago de una \u201ccomisi\u00f3n\u201d.<\/p>\n\n\n\n<p>As\u00ed mismo, dijo, utiliza diversos actos de hostigamiento contra de la catedr\u00e1tica afectando gravemente su derecho al trabajo y a una vida libre de violencia, tal es el caso de las m\u00faltiples ocasiones en las que parte del personal y directivos de la UNISTMO han intimidado, incitado al odio, discriminado y violado los derechos de la docente.&nbsp;<\/p>\n\n\n\n<p>Explic\u00f3 que luego de su despido injustificado, han utilizado dicha acci\u00f3n para desviar la atenci\u00f3n de las denuncias de acoso sexual al interior de la instituci\u00f3n acad\u00e9mica, mismas que fueron realizadas por las propias estudiantes en contra de docentes de la carreta de Derecho desde el 2019, y ante lo cual nada se ha hecho.<\/p>\n\n\n\n<p>Record\u00f3 que fue el pasado 13 de noviembre cuando le notificaron su despido, luego de acompa\u00f1ar de manera directa a las j\u00f3venes que denunciaron el acoso sexual en su contra, quienes s\u00f3lo han recibido se\u00f1alamientos por parte de las autoridades universitarias.&nbsp;<\/p>\n\n\n\n<p>As\u00ed mismo, el 3 de diciembre y tras algunas protestas en respaldo, el gobernador Alejandro Murat ratific\u00f3 su compromiso con los derechos de las mujeres e instruy\u00f3 la reinstalaci\u00f3n de la catedr\u00e1tica en la Universidad del Istmo a la brevedad posible, mandato que han ignorado las autoridades universitarias hasta la fecha.&nbsp;<\/p>\n\n\n\n<p>\u201cEl cumplimiento de dicho compromiso se estableci\u00f3 el d\u00eda 15 de diciembre donde los titulares de las diferentes dependencias dar\u00edan cumplimiento a la instrucci\u00f3n del Gobernador\u2026 sin embargo, el rector Modesto Seara y sus directivos de la Universidad se re\u00fasan a acatar dichas instrucciones del ejecutivo del estado de Oaxaca\u201d, refiri\u00f3.&nbsp;<\/p>\n\n\n\n<p>Finalmente, Ilescas Vela asegur\u00f3 que seguir\u00e1 luchando por su reinstalaci\u00f3n, ya que se trat\u00f3 de un despido injustificado, pero sobre mantendr\u00e1 la defensa de las j\u00f3venes que valientemente denunciaron la violencia ejercida en su contra, aunque las autoridades universitarias hagan lo que sea para seguir minimiz\u00e1ndola.&nbsp;<\/p>\n","protected":false},"excerpt":{"rendered":"<p>Evlin Arag\u00f3n\/Zona Roja. Oaxaca de Ju\u00e1rez, Oax., 14 de enero de 2021.- Virginia Ilescas Vela,&hellip;<\/p>\n","protected":false},"author":2,"featured_media":20957,"comment_status":"closed","ping_status":"open","sticky":false,"template":"","format":"standard","meta":{"_lmt_disableupdate":"","_lmt_disable":"","_jetpack_memberships_contains_paid_content":false,"footnotes":""},"categories":[109,47],"tags":[1509,2281],"class_list":["post-22402","post","type-post","status-publish","format-standard","has-post-thumbnail","hentry","category-minuto-a-minuto","category-zona-gris","tag-acoso-universidad-del-istmo-oaxaca","tag-virginia-ilescas-vela"],"jetpack_featured_media_url":"https:\/\/zonaroja.com.mx\/wp-content\/uploads\/2020\/12\/Virginia-Ilescas-Unitsmo.jpg","jetpack_sharing_enabled":true,"_links":{"self":[{"href":"https:\/\/zonaroja.com.mx\/index.php?rest_route=\/wp\/v2\/posts\/22402","targetHints":{"allow":["GET"]}}],"collection":[{"href":"https:\/\/zonaroja.com.mx\/index.php?rest_route=\/wp\/v2\/posts"}],"about":[{"href":"https:\/\/zonaroja.com.mx\/index.php?rest_route=\/wp\/v2\/types\/post"}],"author":[{"embeddable":true,"href":"https:\/\/zonaroja.com.mx\/index.php?rest_route=\/wp\/v2\/users\/2"}],"replies":[{"embeddable":true,"href":"https:\/\/zonaroja.com.mx\/index.php?rest_route=%2Fwp%2Fv2%2Fcomments&post=22402"}],"version-history":[{"count":1,"href":"https:\/\/zonaroja.com.mx\/index.php?rest_route=\/wp\/v2\/posts\/22402\/revisions"}],"predecessor-version":[{"id":22403,"href":"https:\/\/zonaroja.com.mx\/index.php?rest_route=\/wp\/v2\/posts\/22402\/revisions\/22403"}],"wp:featuredmedia":[{"embeddable":true,"href":"https:\/\/zonaroja.com.mx\/index.php?rest_route=\/wp\/v2\/media\/20957"}],"wp:attachment":[{"href":"https:\/\/zonaroja.com.mx\/index.php?rest_route=%2Fwp%2Fv2%2Fmedia&parent=22402"}],"wp:term":[{"taxonomy":"category","embeddable":true,"href":"https:\/\/zonaroja.com.mx\/index.php?rest_route=%2Fwp%2Fv2%2Fcategories&post=22402"},{"taxonomy":"post_tag","embeddable":true,"href":"https:\/\/zonaroja.com.mx\/index.php?rest_route=%2Fwp%2Fv2%2Ftags&post=22402"}],"curies":[{"name":"wp","href":"https:\/\/api.w.org\/{rel}","templated":true}]}}