{"id":22407,"date":"2021-01-14T08:12:21","date_gmt":"2021-01-14T14:12:21","guid":{"rendered":"http:\/\/www.zonaroja.com.mx\/?p=22407"},"modified":"2021-01-14T08:12:27","modified_gmt":"2021-01-14T14:12:27","slug":"lopez-obrador-quiere-su-propia-red-social-para-que-no-halla-censura","status":"publish","type":"post","link":"https:\/\/zonaroja.com.mx\/?p=22407","title":{"rendered":"L\u00f3pez Obrador quiere su propia red social, \u201cpara que no halla censura\u201d"},"content":{"rendered":"\n<p>Redacci\u00f3n\/Zona Roja Cdmx.<\/p>\n\n\n\n<p>Ciudad de M\u00e9xico, 14 de enero de 2021.- Para evitar la censura en plataformas como Facebook y Twitter, como sucedi\u00f3 con el mandatario de Estados Unidos, Donald Trump, el Presidente Andr\u00e9s Manuel L\u00f3pez Obrador instruy\u00f3 al Conacyt, a las secretar\u00edas de Gobernaci\u00f3n, Comunicaciones y Relaciones Exteriores, as\u00ed como a la Consejer\u00eda Jur\u00eddica, explorar alternativas de redes sociales propias.<\/p>\n\n\n\n<p>\u201cS\u00ed es un tema que va a ser tratado y no descartamos que el Conacyt, la Secretar\u00eda de Gobernaci\u00f3n, la Consejer\u00eda Jur\u00eddica, Relaciones Exteriores, Comunicaciones, busquen opciones, alternativas, aclaro, para garantizar la libertad\u201d, dijo.<\/p>\n\n\n\n<p>En la conferencia matutina de ayer, el Presidente sigui\u00f3 con su cr\u00edtica respecto a que particulares, como los due\u00f1os de Facebook y Twitter, hayan bloqueado las cuentas de su hom\u00f3logo estadounidense desde el d\u00eda de la irrupci\u00f3n del Capitolio.<\/p>\n\n\n\n<p>Consider\u00f3 que es negativo que una empresa particular se erija en la instituci\u00f3n mundial de la censura, como la Santa Inquisici\u00f3n de nuestros tiempos.<\/p>\n\n\n\n<p>\u201cNo s\u00e9 si ustedes han observado que, desde que tomaron esas decisiones, la Estatua de la Libertad, en Nueva York, se est\u00e1 poniendo verde de coraje, porque no quiere pasar a ser un s\u00edmbolo vac\u00edo\u201d, ironiz\u00f3.<\/p>\n\n\n\n<p>(Informaci\u00f3n de \u201cEl Heraldo de M\u00e9xico\u201d)<\/p>\n","protected":false},"excerpt":{"rendered":"<p>Redacci\u00f3n\/Zona Roja Cdmx. Ciudad de M\u00e9xico, 14 de enero de 2021.- Para evitar la censura&hellip;<\/p>\n","protected":false},"author":2,"featured_media":22408,"comment_status":"closed","ping_status":"open","sticky":false,"template":"","format":"standard","meta":{"_lmt_disableupdate":"","_lmt_disable":"","_jetpack_memberships_contains_paid_content":false,"footnotes":""},"categories":[109,47],"tags":[143],"class_list":["post-22407","post","type-post","status-publish","format-standard","has-post-thumbnail","hentry","category-minuto-a-minuto","category-zona-gris","tag-andres-manuel-lopez-obrador"],"jetpack_featured_media_url":"https:\/\/zonaroja.com.mx\/wp-content\/uploads\/2021\/01\/Redes-sociales.jpg","jetpack_sharing_enabled":true,"_links":{"self":[{"href":"https:\/\/zonaroja.com.mx\/index.php?rest_route=\/wp\/v2\/posts\/22407","targetHints":{"allow":["GET"]}}],"collection":[{"href":"https:\/\/zonaroja.com.mx\/index.php?rest_route=\/wp\/v2\/posts"}],"about":[{"href":"https:\/\/zonaroja.com.mx\/index.php?rest_route=\/wp\/v2\/types\/post"}],"author":[{"embeddable":true,"href":"https:\/\/zonaroja.com.mx\/index.php?rest_route=\/wp\/v2\/users\/2"}],"replies":[{"embeddable":true,"href":"https:\/\/zonaroja.com.mx\/index.php?rest_route=%2Fwp%2Fv2%2Fcomments&post=22407"}],"version-history":[{"count":1,"href":"https:\/\/zonaroja.com.mx\/index.php?rest_route=\/wp\/v2\/posts\/22407\/revisions"}],"predecessor-version":[{"id":22409,"href":"https:\/\/zonaroja.com.mx\/index.php?rest_route=\/wp\/v2\/posts\/22407\/revisions\/22409"}],"wp:featuredmedia":[{"embeddable":true,"href":"https:\/\/zonaroja.com.mx\/index.php?rest_route=\/wp\/v2\/media\/22408"}],"wp:attachment":[{"href":"https:\/\/zonaroja.com.mx\/index.php?rest_route=%2Fwp%2Fv2%2Fmedia&parent=22407"}],"wp:term":[{"taxonomy":"category","embeddable":true,"href":"https:\/\/zonaroja.com.mx\/index.php?rest_route=%2Fwp%2Fv2%2Fcategories&post=22407"},{"taxonomy":"post_tag","embeddable":true,"href":"https:\/\/zonaroja.com.mx\/index.php?rest_route=%2Fwp%2Fv2%2Ftags&post=22407"}],"curies":[{"name":"wp","href":"https:\/\/api.w.org\/{rel}","templated":true}]}}