{"id":2241,"date":"2019-07-13T19:40:08","date_gmt":"2019-07-14T00:40:08","guid":{"rendered":"http:\/\/www.zonaroja.com.mx\/?p=2241"},"modified":"2019-07-13T20:45:38","modified_gmt":"2019-07-14T01:45:38","slug":"cumplen-siete-dias-17-retenidos-en-san-dionisio-hay-dialogo-gobierno","status":"publish","type":"post","link":"https:\/\/zonaroja.com.mx\/?p=2241","title":{"rendered":"Cumplen siete d\u00edas 16 retenidos en San Dionisio; \u201chay di\u00e1logo\u201d: gobierno"},"content":{"rendered":"\n<p>Ismael\nGarc\u00eda M.<\/p>\n\n\n\n<p>Oaxaca de\nJu\u00e1rez, Oax., 13 de julio de 2019.- Con escasos avances en las negociaciones,\neste s\u00e1bado cumplieron siete d\u00edas 16 personas retenidas en San Dionisio\nOcotepec, una de las cuales es una mujer.<\/p>\n\n\n\n<p>Por la ma\u00f1ana, un grupo de familiares de los asegurados, provenientes del estado de Veracruz, protestaron frente al Palacio de Gobierno en la capital oaxaque\u00f1a, para denunciar escasa atenci\u00f3n por parte de las autoridades de la entidad.<\/p>\n\n\n\n<figure class=\"wp-block-embed-twitter wp-block-embed is-type-rich is-provider-twitter\"><div class=\"wp-block-embed__wrapper\">\n<div class=\"twitter-tweet\"><blockquote class=\"twitter-tweet\" data-lang=\"es\"><p lang=\"es\" dir=\"ltr\"><a href=\"https:\/\/twitter.com\/hashtag\/OaxacaRojo?src=hash&amp;ref_src=twsrc%5Etfw\">#OaxacaRojo<\/a><br>\u201cHasta el momento no hay respuesta de ninguna autoridad, ya fuimos a la <a href=\"https:\/\/twitter.com\/FISCALIA_GobOax?ref_src=twsrc%5Etfw\">@FISCALIA_GobOax<\/a> y no nos dan respuesta; lo \u00fanico que queremos es que nos entreguen a nuestros familiares\u201d. La s\u00faplica de quienes piden liberar a los 15 retenidos en San Dionisio Ocotepec. <a href=\"https:\/\/t.co\/wqB56iQ8Kq\">pic.twitter.com\/wqB56iQ8Kq<\/a><\/p>&mdash; Zona Roja Oaxaca (@MexRoja) <a href=\"https:\/\/twitter.com\/MexRoja\/status\/1150097446460166145?ref_src=twsrc%5Etfw\">13 de julio de 2019<\/a><\/blockquote><\/div>\n<\/div><\/figure>\n\n\n\n<p>M\u00e1s tarde\nfueron atendidos por un funcionario menor de la Gubernatura, Francisco Garc\u00eda\nL\u00f3pez, y de acuerdo con un comunicado de prensa:<\/p>\n\n\n\n<p>\u201cEl gobierno\nde Oaxaca atendi\u00f3 y escuch\u00f3 a las y los familiares de las personas retenidas\npor pobladores del municipio de San Dionisio Ocotepec desde el pasado domingo 7\nde julio.<\/p>\n\n\n\n<p>\u201cEn este\nencuentro, el Gobierno del Estado los canaliz\u00f3 con la Fiscal\u00eda General del\nEstado de Oaxaca (FGEO), que desde el mismo d\u00eda en que se registraron los\nhechos, inici\u00f3 las investigaciones en contra de quien o quienes resulten\nresponsables por la retenci\u00f3n ilegal de las personas en dicha localidad.<\/p>\n\n\n\n<p>\u201cCabe\ndestacar que el Gobierno del Estado y la Fiscal\u00eda contin\u00faan en un di\u00e1logo\npermanente con la poblaci\u00f3n para resolver el conflicto.&nbsp; De esta manera, el gobierno estatal\nmanifiesta su voluntad para lograr los acuerdos que den soluci\u00f3n a esta\nproblem\u00e1tica\u201d.<\/p>\n\n\n\n<p>SIN AVANCES<\/p>\n\n\n\n<p>Sin embargo,\nen el transcurso de la ma\u00f1ana, en San Dionisio se efectu\u00f3 una reuni\u00f3n de\ntrabajo con funcionarios menores de la Secretar\u00eda General de Gobierno (Segego),\nen que el \u00fanico avance que se dio es solicitar la presencia de la Defensor\u00eda de\nlos Derechos Humanos para que constaten la integridad f\u00edsica de los retenidos.<\/p>\n\n\n\n<p>De la misma\nmanera, insistieron en que el Gobierno del Estado obligue al empresario Edy\nMonterrosa que se presente a firmar un acuerdo de paz para poner fin al\ndiferendo; seg\u00fan diversas fuentes, el mezcalero originario de Santiago Matatl\u00e1n,\nha accedido a signar el acuerdo pero no de acudir &nbsp;a San Dionisio.<\/p>\n\n\n\n<p>Ayer, los\npobladores efectuaron un bloque carretero durante todo el d\u00eda para presionar a\nlas autoridades estatales, mismo que fue retirado alrededor de las ocho de la\nnoche.<\/p>\n\n\n\n<p>El pasado\ndomingo 7 de julio, la asamblea de San Dionisio recuper\u00f3 un predio en poder del\nempresario Edy Monterrosa, ante la negativa de \u00e9ste de pagar renta; en el lugar\nhallaron personas armadas que custodiaban el sitio, mismos que fueron\ntrasladados al palacio municipal.<\/p>\n","protected":false},"excerpt":{"rendered":"<p>Ismael Garc\u00eda M. Oaxaca de Ju\u00e1rez, Oax., 13 de julio de 2019.- Con escasos avances&hellip;<\/p>\n","protected":false},"author":2,"featured_media":2242,"comment_status":"closed","ping_status":"open","sticky":false,"template":"","format":"standard","meta":{"_lmt_disableupdate":"","_lmt_disable":"","_jetpack_memberships_contains_paid_content":false,"footnotes":""},"categories":[109,51],"tags":[322],"class_list":["post-2241","post","type-post","status-publish","format-standard","has-post-thumbnail","hentry","category-minuto-a-minuto","category-zona-roja","tag-retenidos-san-dionisio-ocotepec"],"jetpack_featured_media_url":"https:\/\/zonaroja.com.mx\/wp-content\/uploads\/2019\/07\/fe10fac3-fef7-4267-a497-29affe4367e3.jpg","jetpack_sharing_enabled":true,"_links":{"self":[{"href":"https:\/\/zonaroja.com.mx\/index.php?rest_route=\/wp\/v2\/posts\/2241","targetHints":{"allow":["GET"]}}],"collection":[{"href":"https:\/\/zonaroja.com.mx\/index.php?rest_route=\/wp\/v2\/posts"}],"about":[{"href":"https:\/\/zonaroja.com.mx\/index.php?rest_route=\/wp\/v2\/types\/post"}],"author":[{"embeddable":true,"href":"https:\/\/zonaroja.com.mx\/index.php?rest_route=\/wp\/v2\/users\/2"}],"replies":[{"embeddable":true,"href":"https:\/\/zonaroja.com.mx\/index.php?rest_route=%2Fwp%2Fv2%2Fcomments&post=2241"}],"version-history":[{"count":2,"href":"https:\/\/zonaroja.com.mx\/index.php?rest_route=\/wp\/v2\/posts\/2241\/revisions"}],"predecessor-version":[{"id":2246,"href":"https:\/\/zonaroja.com.mx\/index.php?rest_route=\/wp\/v2\/posts\/2241\/revisions\/2246"}],"wp:featuredmedia":[{"embeddable":true,"href":"https:\/\/zonaroja.com.mx\/index.php?rest_route=\/wp\/v2\/media\/2242"}],"wp:attachment":[{"href":"https:\/\/zonaroja.com.mx\/index.php?rest_route=%2Fwp%2Fv2%2Fmedia&parent=2241"}],"wp:term":[{"taxonomy":"category","embeddable":true,"href":"https:\/\/zonaroja.com.mx\/index.php?rest_route=%2Fwp%2Fv2%2Fcategories&post=2241"},{"taxonomy":"post_tag","embeddable":true,"href":"https:\/\/zonaroja.com.mx\/index.php?rest_route=%2Fwp%2Fv2%2Ftags&post=2241"}],"curies":[{"name":"wp","href":"https:\/\/api.w.org\/{rel}","templated":true}]}}