{"id":22410,"date":"2021-01-14T14:31:53","date_gmt":"2021-01-14T20:31:53","guid":{"rendered":"http:\/\/www.zonaroja.com.mx\/?p=22410"},"modified":"2021-01-14T14:31:58","modified_gmt":"2021-01-14T20:31:58","slug":"ecologistas-firman-compromisos-para-el-cuidado-del-medio-ambiente-en-oaxaca","status":"publish","type":"post","link":"https:\/\/zonaroja.com.mx\/?p=22410","title":{"rendered":"Ecologistas firman compromisos para el cuidado del medio ambiente en Oaxaca"},"content":{"rendered":"\n<p>Evlin Arag\u00f3n\/Zona Roja.<\/p>\n\n\n\n<p>Oaxaca de Ju\u00e1rez, Oax., 14 de enero de 2021.- Un grupo de ecologistas de la capital firm\u00f3 este jueves la \u201cCarta a Oaxaca por el Medio Ambiente\u201d con la cual se comprometen a continuar impulsando actividades que permitan el cuidado del arbolado en la ciudad y todo el ecosistema que les rodea.&nbsp;&nbsp;&nbsp;<\/p>\n\n\n\n<p>Lo anterior debido la falta de acciones contundentes por parte de las autoridades destinadas al cuidado del medio ambiente, que no han querido impulsar una verdadera pol\u00edtica de cuidado a los recursos naturales y por el contrario contribuyen al deterioro de los mismos, en perjuicio de la poblaci\u00f3n.&nbsp;<\/p>\n\n\n\n<p>Elizabeth Cruz Gonz\u00e1lez, presidenta del Comit\u00e9 de Vida Vecinal (Comvive) del barrio de Xochimilco; Magda Ruiz, pintora, e Iv\u00e1n Hern\u00e1ndez Mell\u00edn, representante de la colonia Aurora, fueron las personas que se unieron este jueves a la iniciativa impulsada por colectivos de ambientalistas, entre ellos Nasario Garc\u00eda.<\/p>\n\n\n\n<p>Los compromisos de la carta son: preservar y conservar mediante programas y acciones directas las \u00e1reas verde p\u00fablicas; promover mecanismos para conservar y exigir el cumplimiento de la ley en las \u00e1reas protegidas; restablecer y recuperar las cuencas hidrol\u00f3gicas, principalmente el r\u00edo \u201cAtoyac\u201d y \u201cSalado\u201d; crear centros de acopio para la separaci\u00f3n de residuos s\u00f3lidos e impulsar el reciclaje.&nbsp;<\/p>\n\n\n\n<p>As\u00ed mismo, fomentar y crear centro de educaci\u00f3n ambiental para procurar el cuidado del medio ambiente de la localidad; promover la creaci\u00f3n de leyes y reglamento que sancionen a quienes agreden el entorno ecol\u00f3gico; realizar campa\u00f1as de reforestaci\u00f3n; y crear campa\u00f1as de concientizaci\u00f3n ciudadana para el cuidado del entorno.\u00a0<\/p>\n\n\n\n<figure class=\"wp-block-embed-twitter wp-block-embed is-type-rich is-provider-twitter\"><div class=\"wp-block-embed__wrapper\">\n<div class=\"twitter-tweet\"><blockquote class=\"twitter-tweet\" data-lang=\"es\"><p lang=\"es\" dir=\"ltr\"><a href=\"https:\/\/twitter.com\/hashtag\/ENVIVO?src=hash&amp;ref_src=twsrc%5Etfw\">#ENVIVO<\/a><br>Oaxaca de Ju\u00e1rez, Oax., 14 de enero de 2021.- Ecologistas de Oaxaca firman acciones de protecci\u00f3n a recursos naturales y arbolado hist\u00f3rico de la capital.<br><br>Aqu\u00ed la transmisi\u00f3n <br>\ud83d\udc47<a href=\"https:\/\/t.co\/GtNkakRITB\">https:\/\/t.co\/GtNkakRITB<\/a> <a href=\"https:\/\/t.co\/VYC089FiUR\">pic.twitter.com\/VYC089FiUR<\/a><\/p>&mdash; Zona Roja Oaxaca (@MexRoja) <a href=\"https:\/\/twitter.com\/MexRoja\/status\/1349787845020495879?ref_src=twsrc%5Etfw\">14 de enero de 2021<\/a><\/blockquote><\/div>\n<\/div><\/figure>\n\n\n\n<p>Previo a ello, Nasario Garc\u00eda denunci\u00f3 que a\u00fan existen grandes pendientes en materia ambiental que no han sido atendidos por parte de las autoridades, prueba de ello la invasi\u00f3n del cerro del \u201cCrest\u00f3n\u201d, ante cuya defensa han recibido propuestas de vender el movimiento, a las cuales no han sucumbido.&nbsp;<\/p>\n\n\n\n<p>Al respecto explic\u00f3 que se han entrevistado con autoridades de la Secretar\u00eda del Medio Ambiente del Estado de Oaxaca (Semaedeso), quienes refirieron que ya han emitido un dictamen para proteger el \u00e1rea natural, as\u00ed como ante la obra realizada por la SAPAO misma que fue regularizada.&nbsp;<\/p>\n\n\n\n<p>M\u00c1S DENUNCIAS<\/p>\n\n\n\n<p>Mientras que las denuncias en contra de los particulares tanto por la invasi\u00f3n del \u00e1rea como por la agresi\u00f3n que encabezaron en contra del grupo de ambientalistas contin\u00faan, incluso la Defensor\u00eda de los Derechos Humanos del Pueblo de Oaxaca est\u00e1 involucrada en ello.&nbsp;<\/p>\n\n\n\n<p>Lo anterior no quita la tibieza con la que asegura act\u00faan las autoridades estatales en el tema, de ah\u00ed que en el mes de febrero y en el marco de la pr\u00f3xima visita del Presidente de la Rep\u00fablica, Andr\u00e9s Manuel L\u00f3pez Obrador, a la entidad, aprovecharan para hacer de su conocimiento la situaci\u00f3n y solicitaran el respaldo federal para defender el medio ambiente en la entidad.&nbsp;<\/p>\n\n\n\n<p>\u201cEl medio ambiente hasta el momento ha sido un tema secundario para la pol\u00edtica del estado y federal, no ha dejado de ser un tema de caf\u00e9 y nosotros si queremos que el tema no sea de una tertulia nada m\u00e1s, sino que realmente sea parte de la pol\u00edtica del Estado\u201d, sentenci\u00f3.&nbsp;<\/p>\n","protected":false},"excerpt":{"rendered":"<p>Evlin Arag\u00f3n\/Zona Roja. Oaxaca de Ju\u00e1rez, Oax., 14 de enero de 2021.- Un grupo de&hellip;<\/p>\n","protected":false},"author":2,"featured_media":22411,"comment_status":"closed","ping_status":"open","sticky":false,"template":"","format":"standard","meta":{"_lmt_disableupdate":"","_lmt_disable":"","_jetpack_memberships_contains_paid_content":false,"footnotes":""},"categories":[109,47],"tags":[1996],"class_list":["post-22410","post","type-post","status-publish","format-standard","has-post-thumbnail","hentry","category-minuto-a-minuto","category-zona-gris","tag-colectivo-de-organizaciones-ambientalistas-del-estado-de-oaxaca"],"jetpack_featured_media_url":"https:\/\/zonaroja.com.mx\/wp-content\/uploads\/2021\/01\/COAO.jpg","jetpack_sharing_enabled":true,"_links":{"self":[{"href":"https:\/\/zonaroja.com.mx\/index.php?rest_route=\/wp\/v2\/posts\/22410","targetHints":{"allow":["GET"]}}],"collection":[{"href":"https:\/\/zonaroja.com.mx\/index.php?rest_route=\/wp\/v2\/posts"}],"about":[{"href":"https:\/\/zonaroja.com.mx\/index.php?rest_route=\/wp\/v2\/types\/post"}],"author":[{"embeddable":true,"href":"https:\/\/zonaroja.com.mx\/index.php?rest_route=\/wp\/v2\/users\/2"}],"replies":[{"embeddable":true,"href":"https:\/\/zonaroja.com.mx\/index.php?rest_route=%2Fwp%2Fv2%2Fcomments&post=22410"}],"version-history":[{"count":1,"href":"https:\/\/zonaroja.com.mx\/index.php?rest_route=\/wp\/v2\/posts\/22410\/revisions"}],"predecessor-version":[{"id":22412,"href":"https:\/\/zonaroja.com.mx\/index.php?rest_route=\/wp\/v2\/posts\/22410\/revisions\/22412"}],"wp:featuredmedia":[{"embeddable":true,"href":"https:\/\/zonaroja.com.mx\/index.php?rest_route=\/wp\/v2\/media\/22411"}],"wp:attachment":[{"href":"https:\/\/zonaroja.com.mx\/index.php?rest_route=%2Fwp%2Fv2%2Fmedia&parent=22410"}],"wp:term":[{"taxonomy":"category","embeddable":true,"href":"https:\/\/zonaroja.com.mx\/index.php?rest_route=%2Fwp%2Fv2%2Fcategories&post=22410"},{"taxonomy":"post_tag","embeddable":true,"href":"https:\/\/zonaroja.com.mx\/index.php?rest_route=%2Fwp%2Fv2%2Ftags&post=22410"}],"curies":[{"name":"wp","href":"https:\/\/api.w.org\/{rel}","templated":true}]}}