{"id":22416,"date":"2021-01-14T17:49:38","date_gmt":"2021-01-14T23:49:38","guid":{"rendered":"http:\/\/www.zonaroja.com.mx\/?p=22416"},"modified":"2021-01-14T17:49:41","modified_gmt":"2021-01-14T23:49:41","slug":"celebran-legisladores-morenistas-apoyo-presidencial-para-aplicacion-de-vacunas-en-oaxaca","status":"publish","type":"post","link":"https:\/\/zonaroja.com.mx\/?p=22416","title":{"rendered":"Celebran legisladores morenistas apoyo presidencial para aplicaci\u00f3n de vacunas en Oaxaca"},"content":{"rendered":"\n<p>Evlin Arag\u00f3n\/Zona Roja.<\/p>\n\n\n\n<p>Oaxaca de Ju\u00e1rez, Oax., 14 de enero de 2021.- \u201cSabemos del compromiso del Presidente Andr\u00e9s Manuel L\u00f3pez Obrador con todos los mexicanos y en esta situaci\u00f3n tan grave que estamos atravesando por la pandemia, con mucho gusto se recibieron la vacunas en el estado de Oaxaca y en muchos estados de la Rep\u00fablica\u201d.<\/p>\n\n\n\n<p>As\u00ed lo consider\u00f3 la diputada local por Morena, Magaly L\u00f3pez Dom\u00ednguez, quien dijo que el biol\u00f3gico ser\u00e1 de mucha ayuda para el personal m\u00e9dico, principalmente para quienes se encuentran en la primera l\u00ednea de combate a la pandemia y han mostrado su gran compromiso por la salud de las y los oaxaque\u00f1os.<\/p>\n\n\n\n<p>A\u00fan con la buena noticia que significa, la legisladora recomend\u00f3 a la poblaci\u00f3n mantener las medidas sanitarias correspondientes: quedarse en casa, evitar aglomeraciones, el uso del cubrebocas, lavado de manos y uso de gel antibacterial.&nbsp;<\/p>\n\n\n\n<p>\u201cEs importante que colaboremos con el esfuerzo que hace el gobierno federal y nuestro presidente para combatir la pandemia. Nosotros cuando tengamos que salir hay que hacerlo con mucha responsabilidad para mantenernos a salvo, libres de contagio\u201d, dijo.&nbsp;&nbsp;<\/p>\n\n\n\n<p>Sabedora de que las festividades decembrinas ocasionaron el alza reciente de casos, L\u00f3pez Dom\u00ednguez hizo un llamado a la poblaci\u00f3n para evitar reuniones que no son necesarias y que \u00fanicamente incrementan el riesgo de contagio y posible desarrollo de la enfermedad.&nbsp;<\/p>\n\n\n\n<p>PRESIDENTE DE PRIMERA<\/p>\n\n\n\n<p>En el mismo sentido, el diputado Horacio Sosa Villavicencio celebr\u00f3 la llegada de las vacunas y su inmediata aplicaci\u00f3n al personal m\u00e9dico y al servicio de la salud, a quienes hizo un reconocimiento p\u00fablico por mantenerse al \u201cpie del ca\u00f1\u00f3n\u201d en el combate a la pandemia.&nbsp;<\/p>\n\n\n\n<p>\u201cTenemos un Presidente de primera, que quiere a los mexicanos. Un Presidente comprometido con quienes menos tienen. Hoy nos da mucho que hayan llegado las vacunas y se est\u00e9n distribuyendo en las ocho regiones de nuestro estado\u201d, dijo.&nbsp;&nbsp;<\/p>\n\n\n\n<p>Aunque reconoci\u00f3 la labor del Presidente de la Rep\u00fablica, dijo que \u00e9ste no puede solo por lo que pidi\u00f3 a las autoridades locales, encabezadas por Alejandro Murat Hinojosa, destinar las vacunas para los sectores m\u00e1s vulnerables y no hacer mal uso de ellas.&nbsp;<\/p>\n\n\n\n<p>A la par que invit\u00f3 a la poblaci\u00f3n a estar vigilantes de que las vacunas se apliquen a quienes deben ser y se genere una verdadera \u201cguelaguetza\u201d para ayudar a quienes menos tienen.&nbsp;<\/p>\n\n\n\n<p>\u201cEsperemos que el Gobierno del Estado, que es encabezado por un priista no haga mal uso de las vacunas y que seamos vigilantes y que ayudemos. Si no nos toca que ayudemos, tarde que temprano nos tocar\u00e1\u201d, detall\u00f3.&nbsp;<\/p>\n\n\n\n<p>Finalmente, reiter\u00f3 el llamado a la poblaci\u00f3n para que sigan cumpliendo con los protocolos sanitarios y evitar as\u00ed el incremento de contagios como los que se han reportado en los \u00faltimos d\u00edas.&nbsp; \u201cNo habr\u00e1 gobierno que nos pueda cuidar, si nosotros no lo hacemos. Si lleg\u00f3 la vacuna, pero eso no implica que debamos relajar las medidas para evitar contagios\u201d, expres\u00f3.<\/p>\n","protected":false},"excerpt":{"rendered":"<p>Evlin Arag\u00f3n\/Zona Roja. Oaxaca de Ju\u00e1rez, Oax., 14 de enero de 2021.- \u201cSabemos del compromiso&hellip;<\/p>\n","protected":false},"author":2,"featured_media":22417,"comment_status":"closed","ping_status":"open","sticky":false,"template":"","format":"standard","meta":{"_lmt_disableupdate":"","_lmt_disable":"","_jetpack_memberships_contains_paid_content":false,"footnotes":""},"categories":[109,46],"tags":[192,444],"class_list":["post-22416","post","type-post","status-publish","format-standard","has-post-thumbnail","hentry","category-minuto-a-minuto","category-zona-blanca","tag-diputada-magaly-lopez-dominguez","tag-horacio-sosa-villavicencio"],"jetpack_featured_media_url":"https:\/\/zonaroja.com.mx\/wp-content\/uploads\/2021\/01\/Magaly-Lopez-y-horacio-Sosa.jpg","jetpack_sharing_enabled":true,"_links":{"self":[{"href":"https:\/\/zonaroja.com.mx\/index.php?rest_route=\/wp\/v2\/posts\/22416","targetHints":{"allow":["GET"]}}],"collection":[{"href":"https:\/\/zonaroja.com.mx\/index.php?rest_route=\/wp\/v2\/posts"}],"about":[{"href":"https:\/\/zonaroja.com.mx\/index.php?rest_route=\/wp\/v2\/types\/post"}],"author":[{"embeddable":true,"href":"https:\/\/zonaroja.com.mx\/index.php?rest_route=\/wp\/v2\/users\/2"}],"replies":[{"embeddable":true,"href":"https:\/\/zonaroja.com.mx\/index.php?rest_route=%2Fwp%2Fv2%2Fcomments&post=22416"}],"version-history":[{"count":1,"href":"https:\/\/zonaroja.com.mx\/index.php?rest_route=\/wp\/v2\/posts\/22416\/revisions"}],"predecessor-version":[{"id":22418,"href":"https:\/\/zonaroja.com.mx\/index.php?rest_route=\/wp\/v2\/posts\/22416\/revisions\/22418"}],"wp:featuredmedia":[{"embeddable":true,"href":"https:\/\/zonaroja.com.mx\/index.php?rest_route=\/wp\/v2\/media\/22417"}],"wp:attachment":[{"href":"https:\/\/zonaroja.com.mx\/index.php?rest_route=%2Fwp%2Fv2%2Fmedia&parent=22416"}],"wp:term":[{"taxonomy":"category","embeddable":true,"href":"https:\/\/zonaroja.com.mx\/index.php?rest_route=%2Fwp%2Fv2%2Fcategories&post=22416"},{"taxonomy":"post_tag","embeddable":true,"href":"https:\/\/zonaroja.com.mx\/index.php?rest_route=%2Fwp%2Fv2%2Ftags&post=22416"}],"curies":[{"name":"wp","href":"https:\/\/api.w.org\/{rel}","templated":true}]}}