{"id":22419,"date":"2021-01-14T18:40:16","date_gmt":"2021-01-15T00:40:16","guid":{"rendered":"http:\/\/www.zonaroja.com.mx\/?p=22419"},"modified":"2021-01-14T18:40:20","modified_gmt":"2021-01-15T00:40:20","slug":"detienen-en-sesion-de-cabildo-a-regidora-de-santa-cruz-amilpas-por-orden-de-sindico","status":"publish","type":"post","link":"https:\/\/zonaroja.com.mx\/?p=22419","title":{"rendered":"Detienen en sesi\u00f3n de Cabildo a regidora de Santa Cruz Amilpas por orden de s\u00edndico"},"content":{"rendered":"\n<p>Yuridiana Sosa\/Zona Roja.<\/p>\n\n\n\n<p>Oaxaca de Ju\u00e1rez, Oax., 14 de enero de 2021.- Acusada de agresi\u00f3n f\u00edsica contra el s\u00edndico primero, Francisco Javier Dur\u00e1n, la regidora de Ecolog\u00eda, Adriana Risue\u00f1o Mat\u00edas, del municipio de Santa Cruz Amilpas, fue detenida y esposada por la polic\u00eda municipal, as\u00ed como trasladada al Ministerio P\u00fablico de la Fiscal\u00eda General del Estado, en Ciudad Judicial.<\/p>\n\n\n\n<p>Los hechos ocurrieron este jueves por la ma\u00f1ana en el sal\u00f3n de sesiones, donde las partes involucradas se defendieron de forma f\u00edsica y verbal de acusaciones mutuas, lo que culmin\u00f3 con la aprehensi\u00f3n de la concejal, a quien el Tribunal Electoral del Poder Judicial de la Federaci\u00f3n (TEPJF) le reconoci\u00f3 ser v\u00edctima de violencia pol\u00edtica por raz\u00f3n de g\u00e9nero, por parte de la presidente Natividad Mat\u00edas Morales, del Partido Encuentro Social.<\/p>\n\n\n\n<p>Minutos despu\u00e9s de los hechos, ambas partes difundieron sus versiones. Primero, la parte a favor del s\u00edndico difundi\u00f3 un video que muestra el momento donde la regidora lanz\u00f3 ofensas al hombre, as\u00ed como se muestra al esposo de Adriana Risue\u00f1o, Antelmo Sandoval, tambi\u00e9n servidor p\u00fablico del ayuntamiento, tratando de evadir a la polic\u00eda municipal para ingresar a palacio a ayudar a su esposa.<\/p>\n\n\n\n<p>De acuerdo con la versi\u00f3n de Javier Dur\u00e1n, en la sesi\u00f3n abordaban asuntos relacionados con el trabajo del ayuntamiento, cuando sin motivo la regidora se levant\u00f3 de su silla y enfurecida se lanz\u00f3 contra el s\u00edndico. En la sesi\u00f3n tambi\u00e9n se encontraba la edil Natividad Mat\u00edas.<\/p>\n\n\n\n<figure class=\"wp-block-embed-twitter wp-block-embed is-type-rich is-provider-twitter\"><div class=\"wp-block-embed__wrapper\">\n<div class=\"twitter-tweet\"><blockquote class=\"twitter-tweet\" data-lang=\"es\"><p lang=\"es\" dir=\"ltr\">(1) La regidora de Ecolog\u00eda del municipio de Santa Cruz Amilpas, <a href=\"https:\/\/twitter.com\/hashtag\/Oaxaca?src=hash&amp;ref_src=twsrc%5Etfw\">#Oaxaca<\/a>, Adriana Risue\u00f1o, amenaz\u00f3 al s\u00edndico Francisco Javier Dur\u00e1n, al t\u00e9rmino de una sesi\u00f3n de Cabildo; presuntamente tambi\u00e9n la golpe\u00f3. <a href=\"https:\/\/t.co\/is1dEKQsyG\">pic.twitter.com\/is1dEKQsyG<\/a><\/p>&mdash; Zona Roja Oaxaca (@MexRoja) <a href=\"https:\/\/twitter.com\/MexRoja\/status\/1349870365128978432?ref_src=twsrc%5Etfw\">15 de enero de 2021<\/a><\/blockquote><\/div>\n<\/div><\/figure>\n\n\n\n<p>\u201cEl d\u00eda de hoy 14 de enero del al 2021 en plena sesi\u00f3n de Cabildo y ante la presencia de la presidenta y regidores, fui golpeado de manera violenta por la regidora de Ecolog\u00eda Adriana Risue\u00f1o, desconozco los motivos y siempre he estado en contra del maltrato abuso hacia la mujer, por lo mismo proceder\u00e9 de manera legal, la violencia no puede ser respondida con m\u00e1s violencia, nada fuera de la ley\u201d, manifest\u00f3 en su comunicado.<\/p>\n\n\n\n<p>Por su parte, la regidora de Ecolog\u00eda, Adriana Ruise\u00f1or, desde las instalaciones de Ciudad Judicial, oficinas ubicadas en San Bartolo Coyotepec, y esposada, logr\u00f3 hacer circular un video en el que narr\u00f3 su versi\u00f3n, as\u00ed como mostr\u00f3 que segu\u00eda en calidad de detenida y esposada.<\/p>\n\n\n\n<p>La mujer indic\u00f3 que ante su llegada al sal\u00f3n de sesiones, cerca de las 10:00 horas, fue recibida con violencia verbal, situaci\u00f3n a la que reconoce reaccion\u00f3 propin\u00e1ndole una bofetada a Francisco Javier Dur\u00e1n.<\/p>\n\n\n\n<p>Adriana Ruise\u00f1o expuso que las agresiones en su contra durante la gesti\u00f3n actual son motivo de su postura en no apoyar el mal uso de los recursos p\u00fablicos.<\/p>\n\n\n\n<figure class=\"wp-block-embed-twitter wp-block-embed is-type-rich is-provider-twitter\"><div class=\"wp-block-embed__wrapper\">\n<div class=\"twitter-tweet\"><blockquote class=\"twitter-tweet\" data-lang=\"es\"><p lang=\"es\" dir=\"ltr\">(2) Tras ello, la concejal fue detenida por elementos de la polic\u00eda municipal -por \u00f3rdenes del s\u00edndico-, esposada y trasladada a la sede de la Fiscal\u00eda General del Estado, para iniciarle un proceso judicial por golpes y amenazas. <a href=\"https:\/\/t.co\/6ZsxLdwGjy\">pic.twitter.com\/6ZsxLdwGjy<\/a><\/p>&mdash; Zona Roja Oaxaca (@MexRoja) <a href=\"https:\/\/twitter.com\/MexRoja\/status\/1349871185950072841?ref_src=twsrc%5Etfw\">15 de enero de 2021<\/a><\/blockquote><\/div>\n<\/div><\/figure>\n\n\n\n<p>La regidora dijo que estaba a la espera de rendir su declaraci\u00f3n, en la que se\u00f1alar\u00eda a Francisco Javier como el responsable de la violencia pol\u00edtica por raz\u00f3n de g\u00e9nero, violencia psicol\u00f3gica y f\u00edsica que ha recibido como funcionaria.<\/p>\n\n\n\n<p>\u201cQuiero informar a los habitantes que est\u00e9n pendientes del desarrollo de este proceso, la justicia tarda, pero va a llegar, conf\u00edo en que la Fiscal\u00eda de Oaxaca har\u00e1 su trabajo y finque responsabilidad a esa persona que ha generado mucho da\u00f1o a Santa Cruz Amilpas\u201d, expres\u00f3.<\/p>\n\n\n\n<p>Adem\u00e1s de se\u00f1alar a Javier Dur\u00e1n, tambi\u00e9n responsabiliz\u00f3 a Rodrigo Jarqu\u00edn de cualquier violencia en su contra y la de su familia.<\/p>\n\n\n\n<p>En un comunicado, a favor de Adriana Risue\u00f1o se dio a conocer que el mi\u00e9rcoles recibi\u00f3 por primera vez en dos a\u00f1os la notificaci\u00f3n para acudiera a sesi\u00f3n de cabildo, bajo amenaza de destituirla de su cargo.<\/p>\n\n\n\n<p>Mientras que este mi\u00e9rcoles tambi\u00e9n el Instituto Estatal Electoral y de Participaci\u00f3n Ciudadana (IEEPCO) notific\u00f3 a la edil para que en un plazo de tres d\u00edas se le otorgar\u00e1 una computadora para el desempe\u00f1o de su trabajo pues a largo de dos a\u00f1os de gobierno municipal no se le ha otorgado lo necesario para ejercer sus funciones.<\/p>\n\n\n\n<figure class=\"wp-block-embed-twitter wp-block-embed is-type-rich is-provider-twitter\"><div class=\"wp-block-embed__wrapper\">\n<div class=\"twitter-tweet\"><blockquote class=\"twitter-tweet\" data-lang=\"es\"><p lang=\"es\" dir=\"ltr\">(3) Sin embargo, finalmente la regidora Adriana Risue\u00f1o \u00a0qued\u00f3 en libertad por parte de la Fiscal\u00eda General del Estado; asegur\u00f3 que seguir\u00e1 denunciando presuntas anomal\u00edas en el ayuntamiento que encabeza Natividad Mat\u00edas Morales. <a href=\"https:\/\/t.co\/KiEf43TPsX\">pic.twitter.com\/KiEf43TPsX<\/a><\/p>&mdash; Zona Roja Oaxaca (@MexRoja) <a href=\"https:\/\/twitter.com\/MexRoja\/status\/1349872212828954625?ref_src=twsrc%5Etfw\">15 de enero de 2021<\/a><\/blockquote><\/div>\n<\/div><\/figure>\n\n\n\n<p>Adem\u00e1s, recordaron que la regidora ha sido v\u00edctima de agresiones armadas, como la ocurrida el pasado el 27 de marzo cuando recibi\u00f3 un ataque armado en su vivienda, o el intento de asesinato hace dos meses y d\u00f3nde su esposo result\u00f3 herido de bala.<\/p>\n\n\n\n<p>Al final de las diligencias judiciales, nuevamente la regidora Ruise\u00f1or grab\u00f3 y difundi\u00f3 un video, en que agradeci\u00f3 a la Fiscal\u00eda General por ponerla en libertad e indic\u00f3 que seguir\u00e1 luchando en contra de la corrupci\u00f3n en el ayuntamiento de Santa Cruz Amilpas, municipio conurbado a la capital por el lado oriente.<\/p>\n","protected":false},"excerpt":{"rendered":"<p>Yuridiana Sosa\/Zona Roja. Oaxaca de Ju\u00e1rez, Oax., 14 de enero de 2021.- Acusada de agresi\u00f3n&hellip;<\/p>\n","protected":false},"author":2,"featured_media":22420,"comment_status":"closed","ping_status":"open","sticky":false,"template":"","format":"standard","meta":{"_lmt_disableupdate":"","_lmt_disable":"","_jetpack_memberships_contains_paid_content":false,"footnotes":""},"categories":[109,47],"tags":[2372,2046],"class_list":["post-22419","post","type-post","status-publish","format-standard","has-post-thumbnail","hentry","category-minuto-a-minuto","category-zona-gris","tag-adriana-risueno-matias","tag-santa-cruz-amilpas"],"jetpack_featured_media_url":"https:\/\/zonaroja.com.mx\/wp-content\/uploads\/2021\/01\/Regidora-Santa-Cruz-Amilpas.jpg","jetpack_sharing_enabled":true,"_links":{"self":[{"href":"https:\/\/zonaroja.com.mx\/index.php?rest_route=\/wp\/v2\/posts\/22419","targetHints":{"allow":["GET"]}}],"collection":[{"href":"https:\/\/zonaroja.com.mx\/index.php?rest_route=\/wp\/v2\/posts"}],"about":[{"href":"https:\/\/zonaroja.com.mx\/index.php?rest_route=\/wp\/v2\/types\/post"}],"author":[{"embeddable":true,"href":"https:\/\/zonaroja.com.mx\/index.php?rest_route=\/wp\/v2\/users\/2"}],"replies":[{"embeddable":true,"href":"https:\/\/zonaroja.com.mx\/index.php?rest_route=%2Fwp%2Fv2%2Fcomments&post=22419"}],"version-history":[{"count":1,"href":"https:\/\/zonaroja.com.mx\/index.php?rest_route=\/wp\/v2\/posts\/22419\/revisions"}],"predecessor-version":[{"id":22421,"href":"https:\/\/zonaroja.com.mx\/index.php?rest_route=\/wp\/v2\/posts\/22419\/revisions\/22421"}],"wp:featuredmedia":[{"embeddable":true,"href":"https:\/\/zonaroja.com.mx\/index.php?rest_route=\/wp\/v2\/media\/22420"}],"wp:attachment":[{"href":"https:\/\/zonaroja.com.mx\/index.php?rest_route=%2Fwp%2Fv2%2Fmedia&parent=22419"}],"wp:term":[{"taxonomy":"category","embeddable":true,"href":"https:\/\/zonaroja.com.mx\/index.php?rest_route=%2Fwp%2Fv2%2Fcategories&post=22419"},{"taxonomy":"post_tag","embeddable":true,"href":"https:\/\/zonaroja.com.mx\/index.php?rest_route=%2Fwp%2Fv2%2Ftags&post=22419"}],"curies":[{"name":"wp","href":"https:\/\/api.w.org\/{rel}","templated":true}]}}