{"id":22422,"date":"2021-01-14T20:35:14","date_gmt":"2021-01-15T02:35:14","guid":{"rendered":"http:\/\/www.zonaroja.com.mx\/?p=22422"},"modified":"2021-01-14T20:35:17","modified_gmt":"2021-01-15T02:35:17","slug":"comite-de-vecinos-del-barrio-de-xochimilco-rechaza-que-haya-prohibido-espacios","status":"publish","type":"post","link":"https:\/\/zonaroja.com.mx\/?p=22422","title":{"rendered":"Comit\u00e9 de vecinos del barrio de Xochimilco rechaza que haya prohibido espacios"},"content":{"rendered":"\n<p>Yuridiana Sosa\/Zona Roja.<\/p>\n\n\n\n<p>Oaxaca de Ju\u00e1rez, Oax., 14 de enero de 2021.- Los letreros instalados en el barrio de Xochimilco de la capital de Oaxaca, en los que se proh\u00edben las sesiones de fotos, fueron colocados por personas avecindadas o arrendadores, por lo que el Comit\u00e9 de Vida Vecinal (Comvive) demand\u00f3 al ayuntamiento capitalino el retiro de estos anuncios.<\/p>\n\n\n\n<p>Esta semana se difundi\u00f3 en redes sociales unos anuncios firmados supuestamente por el comit\u00e9 de vecinos donde se impiden las fotograf\u00edas en la zona de la Cruz de Piedra y calles cercanas, lo cual caus\u00f3 controversia y hasta enojo.<\/p>\n\n\n\n<p>La presidenta del Comvive del barrio de Xochimilco, Elizabeth Cruz Gonz\u00e1lez, se\u00f1al\u00f3 que esos letreros no representan la voz de los vecinos nativos de ese barrio tradicional en la capital, quienes por el contrario invitan a los turistas a visitar y recorrer la zona, as\u00ed como tomarse fotograf\u00edas.<\/p>\n\n\n\n<figure class=\"wp-block-embed-twitter wp-block-embed is-type-rich is-provider-twitter\"><div class=\"wp-block-embed__wrapper\">\n<div class=\"twitter-tweet\"><blockquote class=\"twitter-tweet\" data-lang=\"es\"><p lang=\"es\" dir=\"ltr\">Este jueves, la presidenta del Comit\u00e9 de Vida Vecinal del barrio de <a href=\"https:\/\/twitter.com\/hashtag\/Xochimilco?src=hash&amp;ref_src=twsrc%5Etfw\">#Xochimilco<\/a>, ciudad de <a href=\"https:\/\/twitter.com\/hashtag\/Oaxaca?src=hash&amp;ref_src=twsrc%5Etfw\">#Oaxaca<\/a>, Elizabeth Cruz Gonz\u00e1lez, precis\u00f3 que la autoridad de ese asentamiento no ha colocado ni impedido sesiones de fotos en lugares emblem\u00e1ticos, sino un reducido grupo de personas. <a href=\"https:\/\/t.co\/xpMptiMBWg\">pic.twitter.com\/xpMptiMBWg<\/a><\/p>&mdash; Zona Roja Oaxaca (@MexRoja) <a href=\"https:\/\/twitter.com\/MexRoja\/status\/1349905299809984516?ref_src=twsrc%5Etfw\">15 de enero de 2021<\/a><\/blockquote><\/div>\n<\/div><\/figure>\n\n\n\n<p>Ante esta situaci\u00f3n, Cruz Gonz\u00e1lez indic\u00f3 que solicitaron a la Direcci\u00f3n de Agencias y Colonias del gobierno municipal a realizar una inspecci\u00f3n y mesa de di\u00e1logo con los vecinos que instalaron dichos anuncios, pues afectan a la imagen de su barrio, conocido por su arquitectura y artesanos.<\/p>\n\n\n\n<p>\u201cExageraron. El que se ostenta ah\u00ed como comit\u00e9 del barrio no tiene ning\u00fan nombramiento, el \u00fanico comit\u00e9 del barrio somos nosotros, y el se\u00f1or Isaac es quien sale a correr a los turistas, el s\u00f3lo tiene su negocio de escuela de m\u00fasica y no vive ah\u00ed\u201d, dijo la presentante de los vecinos de ese barrio tradicional de la capital del estado.<\/p>\n","protected":false},"excerpt":{"rendered":"<p>Yuridiana Sosa\/Zona Roja. Oaxaca de Ju\u00e1rez, Oax., 14 de enero de 2021.- Los letreros instalados&hellip;<\/p>\n","protected":false},"author":2,"featured_media":22423,"comment_status":"closed","ping_status":"open","sticky":false,"template":"","format":"standard","meta":{"_lmt_disableupdate":"","_lmt_disable":"","_jetpack_memberships_contains_paid_content":false,"footnotes":""},"categories":[109,47],"tags":[1849],"class_list":["post-22422","post","type-post","status-publish","format-standard","has-post-thumbnail","hentry","category-minuto-a-minuto","category-zona-gris","tag-barrio-de-xochimilco-oaxaca"],"jetpack_featured_media_url":"https:\/\/zonaroja.com.mx\/wp-content\/uploads\/2021\/01\/Barrio-Xochimilco.jpg","jetpack_sharing_enabled":true,"_links":{"self":[{"href":"https:\/\/zonaroja.com.mx\/index.php?rest_route=\/wp\/v2\/posts\/22422","targetHints":{"allow":["GET"]}}],"collection":[{"href":"https:\/\/zonaroja.com.mx\/index.php?rest_route=\/wp\/v2\/posts"}],"about":[{"href":"https:\/\/zonaroja.com.mx\/index.php?rest_route=\/wp\/v2\/types\/post"}],"author":[{"embeddable":true,"href":"https:\/\/zonaroja.com.mx\/index.php?rest_route=\/wp\/v2\/users\/2"}],"replies":[{"embeddable":true,"href":"https:\/\/zonaroja.com.mx\/index.php?rest_route=%2Fwp%2Fv2%2Fcomments&post=22422"}],"version-history":[{"count":1,"href":"https:\/\/zonaroja.com.mx\/index.php?rest_route=\/wp\/v2\/posts\/22422\/revisions"}],"predecessor-version":[{"id":22424,"href":"https:\/\/zonaroja.com.mx\/index.php?rest_route=\/wp\/v2\/posts\/22422\/revisions\/22424"}],"wp:featuredmedia":[{"embeddable":true,"href":"https:\/\/zonaroja.com.mx\/index.php?rest_route=\/wp\/v2\/media\/22423"}],"wp:attachment":[{"href":"https:\/\/zonaroja.com.mx\/index.php?rest_route=%2Fwp%2Fv2%2Fmedia&parent=22422"}],"wp:term":[{"taxonomy":"category","embeddable":true,"href":"https:\/\/zonaroja.com.mx\/index.php?rest_route=%2Fwp%2Fv2%2Fcategories&post=22422"},{"taxonomy":"post_tag","embeddable":true,"href":"https:\/\/zonaroja.com.mx\/index.php?rest_route=%2Fwp%2Fv2%2Ftags&post=22422"}],"curies":[{"name":"wp","href":"https:\/\/api.w.org\/{rel}","templated":true}]}}