{"id":22425,"date":"2021-01-14T21:27:19","date_gmt":"2021-01-15T03:27:19","guid":{"rendered":"http:\/\/www.zonaroja.com.mx\/?p=22425"},"modified":"2021-01-14T21:27:25","modified_gmt":"2021-01-15T03:27:25","slug":"se-imponen-los-militares-en-mexico-gobierno-de-amlo-exculpa-al-general-cienfuegos","status":"publish","type":"post","link":"https:\/\/zonaroja.com.mx\/?p=22425","title":{"rendered":"Se imponen los militares en M\u00e9xico: gobierno de AMLO exculpa al general Cienfuegos"},"content":{"rendered":"\n<p>Redacci\u00f3n\/Zona Roja Cdmx.<\/p>\n\n\n\n<p>Ciudad de M\u00e9xico, 14 de enero de 2021.- La Fiscal\u00eda General de la Rep\u00fablica (FGR) determin\u00f3 no ejercer acci\u00f3n penal contra Salvador Cienfuegos, ex secretario de Defensa Nacional.<\/p>\n\n\n\n<p>Lo anterior, luego de que fuera acusado por la Agencia Antidrogas de Estados Unidos (DEA) de delitos contra la salud y estar involucrado con grupos criminales en M\u00e9xico.<\/p>\n\n\n\n<p>De acuerdo con informaci\u00f3n del diario \u201cMilenio\u201d, el Ministerio P\u00fablico Federal lleg\u00f3 a la conclusi\u00f3n de que el general nunca tuvo encuentro alguno con los integrantes de la organizaci\u00f3n delictiva por las autoridades norteamericanas, es decir, del c\u00e1rtel los Beltr\u00e1n Leyva, y que tampoco sostuvo comunicaci\u00f3n alguna con ellos, ni realiz\u00f3 actos tendientes a proteger o ayudar a dichos individuos.<\/p>\n\n\n\n<p>\u201cTampoco se encontr\u00f3 prueba alguna de que hubiera utilizado ning\u00fan equipo o medio electr\u00f3nico, ni que hubiera emitido orden alguna para favorecer al grupo delictivo se\u00f1alado en este caso.<\/p>\n\n\n\n<p>\u201cDel an\u00e1lisis de su situaci\u00f3n patrimonial y el cumplimiento de sus obligaciones fiscales, no apareci\u00f3 dato alguno o s\u00edntoma de obtenci\u00f3n de ingresos ilegales o acrecentamiento de su patrimonio fuera de lo normal, de acuerdo con sus percepciones en el servicio p\u00fablico\u201d, se\u00f1al\u00f3 la FGR, seg\u00fan detalla la informaci\u00f3n de \u201cMilenio\u201d.<\/p>\n\n\n\n<p>Por los motivos anteriores, la Subprocuradur\u00eda Especializada en Investigaci\u00f3n de Delincuencia Organizada (Seido) determin\u00f3 el no ejercicio de la acci\u00f3n penal, en favor del General Salvador Cienfuegos Zepeda.<\/p>\n\n\n\n<p>De acuerdo con un comunicado de la dependencia, desde el a\u00f1o 2013, durante la administraci\u00f3n gubernamental pasada en M\u00e9xico, la Agencia Antidrogas de los Estados Unidos de Am\u00e9rica (DEA), inici\u00f3 sin el conocimiento y sin la colaboraci\u00f3n de dicha administraci\u00f3n mexicana, una investigaci\u00f3n de delitos contra la salud, en donde se involucraba al entonces Secretario de la Defensa Nacional, General de Divisi\u00f3n Salvador Cienfuegos Zepeda.&nbsp;&nbsp;<\/p>\n\n\n\n<p>Esa investigaci\u00f3n la continu\u00f3 ese organismo que combate a las drogas en el gobierno de Estados Unidos, durante la administraci\u00f3n de Donald Trump, sin haber tampoco informado a las autoridades mexicanas sobre el caso.&nbsp;&nbsp;<\/p>\n\n\n\n<p>El 15 de octubre de 2020, agentes policiacos de la DEA detuvieron al general Salvador Cienfuegos Zepeda, en el aeropuerto de la ciudad de Los \u00c1ngeles, California, sujet\u00e1ndolo a proceso, por delitos contra la salud y lavado de dinero.&nbsp; &nbsp;<\/p>\n\n\n\n<p>Despu\u00e9s de cinco semanas de haber sido detenido el general Cienfuegos, el Departamento de Justicia de los Estados Unidos le solicit\u00f3 a la jueza que conoci\u00f3 del caso en ese pa\u00eds, que desestimara los cargos en contra de dicha persona; y la Jueza Federal correspondiente estim\u00f3 procedente tal petici\u00f3n.&nbsp;&nbsp;<\/p>\n\n\n\n<p>Durante el lapso de su detenci\u00f3n, y despu\u00e9s de haber sido ya informada sobre el procedimiento, la Fiscal\u00eda General de la Rep\u00fablica (FGR), solicit\u00f3 y recibi\u00f3 las pruebas que enviaron las autoridades estadunidenses respecto a ese caso.&nbsp; <a href=\"https:\/\/www.milenio.com\/policia\/salvador-cienfuegos-fgr-decreta-ejercicio-accion-penal\">https:\/\/www.milenio.com\/policia\/salvador-cienfuegos-fgr-decreta-ejercicio-accion-penal<\/a><\/p>\n","protected":false},"excerpt":{"rendered":"<p>Redacci\u00f3n\/Zona Roja Cdmx. Ciudad de M\u00e9xico, 14 de enero de 2021.- La Fiscal\u00eda General de&hellip;<\/p>\n","protected":false},"author":2,"featured_media":22426,"comment_status":"closed","ping_status":"open","sticky":false,"template":"","format":"standard","meta":{"_lmt_disableupdate":"","_lmt_disable":"","_jetpack_memberships_contains_paid_content":false,"footnotes":""},"categories":[109,47],"tags":[2108],"class_list":["post-22425","post","type-post","status-publish","format-standard","has-post-thumbnail","hentry","category-minuto-a-minuto","category-zona-gris","tag-salvador-cienfuegos-zepeda"],"jetpack_featured_media_url":"https:\/\/zonaroja.com.mx\/wp-content\/uploads\/2021\/01\/General-Cienfuegos.jpg","jetpack_sharing_enabled":true,"_links":{"self":[{"href":"https:\/\/zonaroja.com.mx\/index.php?rest_route=\/wp\/v2\/posts\/22425","targetHints":{"allow":["GET"]}}],"collection":[{"href":"https:\/\/zonaroja.com.mx\/index.php?rest_route=\/wp\/v2\/posts"}],"about":[{"href":"https:\/\/zonaroja.com.mx\/index.php?rest_route=\/wp\/v2\/types\/post"}],"author":[{"embeddable":true,"href":"https:\/\/zonaroja.com.mx\/index.php?rest_route=\/wp\/v2\/users\/2"}],"replies":[{"embeddable":true,"href":"https:\/\/zonaroja.com.mx\/index.php?rest_route=%2Fwp%2Fv2%2Fcomments&post=22425"}],"version-history":[{"count":1,"href":"https:\/\/zonaroja.com.mx\/index.php?rest_route=\/wp\/v2\/posts\/22425\/revisions"}],"predecessor-version":[{"id":22427,"href":"https:\/\/zonaroja.com.mx\/index.php?rest_route=\/wp\/v2\/posts\/22425\/revisions\/22427"}],"wp:featuredmedia":[{"embeddable":true,"href":"https:\/\/zonaroja.com.mx\/index.php?rest_route=\/wp\/v2\/media\/22426"}],"wp:attachment":[{"href":"https:\/\/zonaroja.com.mx\/index.php?rest_route=%2Fwp%2Fv2%2Fmedia&parent=22425"}],"wp:term":[{"taxonomy":"category","embeddable":true,"href":"https:\/\/zonaroja.com.mx\/index.php?rest_route=%2Fwp%2Fv2%2Fcategories&post=22425"},{"taxonomy":"post_tag","embeddable":true,"href":"https:\/\/zonaroja.com.mx\/index.php?rest_route=%2Fwp%2Fv2%2Ftags&post=22425"}],"curies":[{"name":"wp","href":"https:\/\/api.w.org\/{rel}","templated":true}]}}