{"id":22428,"date":"2021-01-14T21:41:24","date_gmt":"2021-01-15T03:41:24","guid":{"rendered":"http:\/\/www.zonaroja.com.mx\/?p=22428"},"modified":"2021-01-14T21:41:29","modified_gmt":"2021-01-15T03:41:29","slug":"inclemente-covid-hoy-244-casos-positivos-hay-13-hospitales-saturados","status":"publish","type":"post","link":"https:\/\/zonaroja.com.mx\/?p=22428","title":{"rendered":"Inclemente Covid, hoy 244 casos positivos; hay 13 hospitales saturados"},"content":{"rendered":"\n<p>Redacci\u00f3n\/Zona Roja.<\/p>\n\n\n\n<p>Oaxaca de Ju\u00e1rez, Oax., 14 de enero de 2021.- Oaxaca registr\u00f3 este 14 de enero el pico m\u00e1s alto de hospitalizaci\u00f3n para pacientes Covid-19 desde el inicio de la pandemia, al alcanzar el 100 por ciento de camas utilizadas en 13 nosocomios de la entidad, informaron los Servicios de Salud de Oaxaca (SSO).<\/p>\n\n\n\n<p>En un comunicado, la instituci\u00f3n del Gobierno del Estado detall\u00f3 que este jueves, la red de centros m\u00e9dicos notific\u00f3 el 56.2% de ocupaci\u00f3n general en todo el sector Salud.<\/p>\n\n\n\n<p>Es decir, a la fecha se tiene un total de 372 pacientes hospitalizados, de los cuales 22 ingresaron en las \u00faltimas 24 horas; del global 247corresponden a personas residentes de Valles Centrales, 52 del Istmo, 21 de Tuxtepec, 19 de la Costa, 32 de la Mixteca y uno de la Sierra.<\/p>\n\n\n\n<p>Se\u00f1al\u00f3 que en la jornada de hoy se contabilizaron 244 nuevos pacientes, los cuales corresponden a 64 municipios, para un total de 30 mil 911 acumulados, a la fecha el virus se encuentra activo en 880 personas.<\/p>\n\n\n\n<p>Precis\u00f3 que se notificaron cinco muertes m\u00e1s a causa del padecimiento v\u00edrico, por lo que la cifra de fallecimientos lleg\u00f3 a dos mil 273 perdidas fatales.<\/p>\n\n\n\n<p>Adem\u00e1s, hay un acumulado de 27 mil 758 personas que se han recuperado del padecimiento, 4 mil 627 se encuentran en espera de resultados y 14 mil 037 han dado negativo al diagn\u00f3stico.<\/p>\n\n\n\n<figure class=\"wp-block-embed-twitter wp-block-embed is-type-rich is-provider-twitter\"><div class=\"wp-block-embed__wrapper\">\n<div class=\"twitter-tweet\"><blockquote class=\"twitter-tweet\" data-lang=\"es\"><p lang=\"es\" dir=\"ltr\"><a href=\"https:\/\/twitter.com\/hashtag\/%C3%9AltimoMinuto?src=hash&amp;ref_src=twsrc%5Etfw\">#\u00daltimoMinuto<\/a><br>En <a href=\"https:\/\/twitter.com\/hashtag\/Oaxaca?src=hash&amp;ref_src=twsrc%5Etfw\">#Oaxaca<\/a> tampoco cede el Covid; este jueves los Servicios de Salud reportan 244 casos positivos, para un acumulado de 30 mil 911; adem\u00e1s, cinco fallecimientos, que dan un total de dos mil 273.<a href=\"https:\/\/twitter.com\/hashtag\/Qu%C3%A9dateEnCasa?src=hash&amp;ref_src=twsrc%5Etfw\">#Qu\u00e9dateEnCasa<\/a> <a href=\"https:\/\/t.co\/YdpYQi5gjn\">pic.twitter.com\/YdpYQi5gjn<\/a><\/p>&mdash; Zona Roja Oaxaca (@MexRoja) <a href=\"https:\/\/twitter.com\/MexRoja\/status\/1349902136537182210?ref_src=twsrc%5Etfw\">15 de enero de 2021<\/a><\/blockquote><\/div>\n<\/div><\/figure>\n\n\n\n<p>Especific\u00f3 que Valles Centrales contabiliza un acumulado de 21 mil 308 positivos y mil 197 fallecimientos; Istmo 2 mil 623 y 356 han perdido la vida; Mixteca dos mil 323 y 199 muertes; Tuxtepec dos mil 125 y 286 decesos; Costa mil 544 y 150 perdidas fatales; Sierra 988, de esta cifra 85 pacientes fallecieron.<\/p>\n\n\n\n<p>Respecto a los municipios con diagn\u00f3sticos nuevos, Oaxaca de Ju\u00e1rez encabeza la lista con 70 casos, seguido de Santa Cruz Xoxocotl\u00e1n con 20, San Juan Bautista Tuxtepec y Santa Luc\u00eda del Camino con 17, respectivamente; el resto siete, seis, cinco, cuatro y tres, dos y un caso.<\/p>\n\n\n\n<p>Detall\u00f3 que lamentablemente hay un global de mil 226 m\u00e9dicos, mil 537 profesionales de enfermer\u00eda y mil 314 en otras \u00e1reas afines, que han presentado la enfermedad respiratoria.<\/p>\n\n\n\n<p>Record\u00f3 a la sociedad que hay cuatro centros de valoraci\u00f3n de primer contacto para pacientes con s\u00edntomas respiratorios en la zona conurbada: el Hospital General de Zona 1 de Instituto Mexicano del Seguro Social (IMSS); el Presidente Ju\u00e1rez del Instituto de Seguridad y Servicios Sociales de los Trabajadores del Estado (ISSSTE); el General Doctor \u201cAurelio Valdivieso\u201d y el Centro de Salud Urbano n\u00famero 1 de los SSO.<\/p>\n\n\n\n<p>Reiter\u00f3 la invitaci\u00f3n a la poblaci\u00f3n a quedarse en casa, portar siempre correctamente el cubrebocas, lavarse las manos con agua y jab\u00f3n frecuentemente, alimentarse sanamente, \u201cla disponibilidad hospitalaria no solo depende del personal de Salud, tambi\u00e9n es responsabilidad de la sociedad en evitar los contagios, al llevar a cabo las recomendaciones emitidas\u201d, finaliz\u00f3.<\/p>\n","protected":false},"excerpt":{"rendered":"<p>Redacci\u00f3n\/Zona Roja. Oaxaca de Ju\u00e1rez, Oax., 14 de enero de 2021.- Oaxaca registr\u00f3 este 14&hellip;<\/p>\n","protected":false},"author":2,"featured_media":22429,"comment_status":"closed","ping_status":"open","sticky":false,"template":"","format":"standard","meta":{"_lmt_disableupdate":"","_lmt_disable":"","_jetpack_memberships_contains_paid_content":false,"footnotes":""},"categories":[109,47],"tags":[1512],"class_list":["post-22428","post","type-post","status-publish","format-standard","has-post-thumbnail","hentry","category-minuto-a-minuto","category-zona-gris","tag-coronavirus-oaxaca"],"jetpack_featured_media_url":"https:\/\/zonaroja.com.mx\/wp-content\/uploads\/2021\/01\/SSO-2.jpeg","jetpack_sharing_enabled":true,"_links":{"self":[{"href":"https:\/\/zonaroja.com.mx\/index.php?rest_route=\/wp\/v2\/posts\/22428","targetHints":{"allow":["GET"]}}],"collection":[{"href":"https:\/\/zonaroja.com.mx\/index.php?rest_route=\/wp\/v2\/posts"}],"about":[{"href":"https:\/\/zonaroja.com.mx\/index.php?rest_route=\/wp\/v2\/types\/post"}],"author":[{"embeddable":true,"href":"https:\/\/zonaroja.com.mx\/index.php?rest_route=\/wp\/v2\/users\/2"}],"replies":[{"embeddable":true,"href":"https:\/\/zonaroja.com.mx\/index.php?rest_route=%2Fwp%2Fv2%2Fcomments&post=22428"}],"version-history":[{"count":1,"href":"https:\/\/zonaroja.com.mx\/index.php?rest_route=\/wp\/v2\/posts\/22428\/revisions"}],"predecessor-version":[{"id":22430,"href":"https:\/\/zonaroja.com.mx\/index.php?rest_route=\/wp\/v2\/posts\/22428\/revisions\/22430"}],"wp:featuredmedia":[{"embeddable":true,"href":"https:\/\/zonaroja.com.mx\/index.php?rest_route=\/wp\/v2\/media\/22429"}],"wp:attachment":[{"href":"https:\/\/zonaroja.com.mx\/index.php?rest_route=%2Fwp%2Fv2%2Fmedia&parent=22428"}],"wp:term":[{"taxonomy":"category","embeddable":true,"href":"https:\/\/zonaroja.com.mx\/index.php?rest_route=%2Fwp%2Fv2%2Fcategories&post=22428"},{"taxonomy":"post_tag","embeddable":true,"href":"https:\/\/zonaroja.com.mx\/index.php?rest_route=%2Fwp%2Fv2%2Ftags&post=22428"}],"curies":[{"name":"wp","href":"https:\/\/api.w.org\/{rel}","templated":true}]}}