{"id":22431,"date":"2021-01-15T07:35:50","date_gmt":"2021-01-15T13:35:50","guid":{"rendered":"http:\/\/www.zonaroja.com.mx\/?p=22431"},"modified":"2021-01-15T07:35:53","modified_gmt":"2021-01-15T13:35:53","slug":"reconocen-talento-de-jovenes-indigenas-en-concurso-voces-de-mi-tierra","status":"publish","type":"post","link":"https:\/\/zonaroja.com.mx\/?p=22431","title":{"rendered":"Reconocen talento de j\u00f3venes ind\u00edgenas en concurso \u201cVoces de mi tierra\u201d"},"content":{"rendered":"\n<p>Redacci\u00f3n\/Zona Roja.<\/p>\n\n\n\n<p>Oaxaca de Ju\u00e1rez, Oax., 15 de enero de 2021.- La Secretar\u00eda de Pueblos Ind\u00edgenas y Afromexicano (Sepia), dio a conocer los resultados de la convocatoria \u201cVoces de mi Tierra\u201d, emitida con el objetivo de generar la participaci\u00f3n de j\u00f3venes para fortalecer, desarrollar, impulsar y promover la investigaci\u00f3n y difusi\u00f3n de informaci\u00f3n cient\u00edfica sobre temas relacionados con las comunidades de Oaxaca.<\/p>\n\n\n\n<p>La selecci\u00f3n de las y los finalistas, que formar\u00e1n parte de la primera revista de la Sepia, contempla a 10 participantes, de los cuales los tres primeros lugares se premiar\u00e1n con una laptop, un iPad y una tableta, respetivamente.<\/p>\n\n\n\n<p>Entre los ganadores se encuentran, Elvira M\u00e1rquez de la comunidad de Santo Tom\u00e1s Tamazul\u00e1pam, con el ensayo \u201cLenguas ind\u00edgenas, un patrimonio de la humanidad en riesgo de desaparecer\u201d.<\/p>\n\n\n\n<p>Miguel Garc\u00eda, perteneciente a la comunidad de San Andr\u00e9s Paxtl\u00e1n, con el ensayo \u201cLas tecnolog\u00edas de la informaci\u00f3n y comunicaci\u00f3n y los pueblos ind\u00edgenas de la Sierra Sur del estado de Oaxaca \u00bfUna forma de exclusi\u00f3n social?\u201d y Jonathan Samario, de Santa Cruz Xoxocotl\u00e1n con el ensayo \u201cLa discriminaci\u00f3n como factor causante de la desigualdad en el ingreso de la poblaci\u00f3n ind\u00edgena\u201d.<\/p>\n\n\n\n<p>Cabe se\u00f1alar que en total se recibieron 117 trabajos provenientes de estudiantes de 43 universidades, que inclu\u00edan tem\u00e1ticas de medicina tradicional, formas de organizaci\u00f3n y derechos de los pueblos y comunidades ind\u00edgenas y afromexicanas, cultura, derechos humanos, estudios de g\u00e9nero y diversidad, tecnolog\u00eda y pueblos ind\u00edgenas; cumpliendo as\u00ed el compromiso del Gobierno de Oaxaca con la visibilizaci\u00f3n de los pueblos ind\u00edgenas y afromexicano de la entidad.<\/p>\n\n\n\n<p>Dentro de las y los j\u00f3venes seleccionados para participar en esta primera revista de la Sepia, se encuentran Elizabeth Antonio Ambrosio, Raquel \u00c9lfega L\u00f3pez P\u00e9rez y Sinthia Edeyna Bernardo Mateos, estudiantes de la Universidad Aut\u00f3noma \u201cBenito Ju\u00e1rez\u201d de Oaxaca.<\/p>\n\n\n\n<p>Tambi\u00e9n Miguel Silva Castellano, Graciela V\u00e1squez Hern\u00e1ndez y Ana Gabriela L\u00f3pez Cort\u00e9s de la Universidad de la Sierra Sur; y Iraz\u00fa Yanireth Hern\u00e1ndez Ruiz de la Universidad Nacional Aut\u00f3noma de M\u00e9xico.<\/p>\n","protected":false},"excerpt":{"rendered":"<p>Redacci\u00f3n\/Zona Roja. Oaxaca de Ju\u00e1rez, Oax., 15 de enero de 2021.- La Secretar\u00eda de Pueblos&hellip;<\/p>\n","protected":false},"author":2,"featured_media":22432,"comment_status":"closed","ping_status":"open","sticky":false,"template":"","format":"standard","meta":{"_lmt_disableupdate":"","_lmt_disable":"","_jetpack_memberships_contains_paid_content":false,"footnotes":""},"categories":[109,46],"tags":[2174],"class_list":["post-22431","post","type-post","status-publish","format-standard","has-post-thumbnail","hentry","category-minuto-a-minuto","category-zona-blanca","tag-secretaria-de-pueblos-indigenas-y-afromexicano-sepia"],"jetpack_featured_media_url":"https:\/\/zonaroja.com.mx\/wp-content\/uploads\/2021\/01\/Jovenes-Sepia.jpg","jetpack_sharing_enabled":true,"_links":{"self":[{"href":"https:\/\/zonaroja.com.mx\/index.php?rest_route=\/wp\/v2\/posts\/22431","targetHints":{"allow":["GET"]}}],"collection":[{"href":"https:\/\/zonaroja.com.mx\/index.php?rest_route=\/wp\/v2\/posts"}],"about":[{"href":"https:\/\/zonaroja.com.mx\/index.php?rest_route=\/wp\/v2\/types\/post"}],"author":[{"embeddable":true,"href":"https:\/\/zonaroja.com.mx\/index.php?rest_route=\/wp\/v2\/users\/2"}],"replies":[{"embeddable":true,"href":"https:\/\/zonaroja.com.mx\/index.php?rest_route=%2Fwp%2Fv2%2Fcomments&post=22431"}],"version-history":[{"count":1,"href":"https:\/\/zonaroja.com.mx\/index.php?rest_route=\/wp\/v2\/posts\/22431\/revisions"}],"predecessor-version":[{"id":22433,"href":"https:\/\/zonaroja.com.mx\/index.php?rest_route=\/wp\/v2\/posts\/22431\/revisions\/22433"}],"wp:featuredmedia":[{"embeddable":true,"href":"https:\/\/zonaroja.com.mx\/index.php?rest_route=\/wp\/v2\/media\/22432"}],"wp:attachment":[{"href":"https:\/\/zonaroja.com.mx\/index.php?rest_route=%2Fwp%2Fv2%2Fmedia&parent=22431"}],"wp:term":[{"taxonomy":"category","embeddable":true,"href":"https:\/\/zonaroja.com.mx\/index.php?rest_route=%2Fwp%2Fv2%2Fcategories&post=22431"},{"taxonomy":"post_tag","embeddable":true,"href":"https:\/\/zonaroja.com.mx\/index.php?rest_route=%2Fwp%2Fv2%2Ftags&post=22431"}],"curies":[{"name":"wp","href":"https:\/\/api.w.org\/{rel}","templated":true}]}}