{"id":22437,"date":"2021-01-15T09:36:49","date_gmt":"2021-01-15T15:36:49","guid":{"rendered":"http:\/\/www.zonaroja.com.mx\/?p=22437"},"modified":"2021-01-15T09:36:54","modified_gmt":"2021-01-15T15:36:54","slug":"colegios-medicos-y-especialistas-en-oaxaca-exigen-declarar-semaforo-rojo-por-pandemia","status":"publish","type":"post","link":"https:\/\/zonaroja.com.mx\/?p=22437","title":{"rendered":"Colegios m\u00e9dicos y especialistas en Oaxaca exigen declarar sem\u00e1foro rojo por pandemia"},"content":{"rendered":"\n<p>Evlin Arag\u00f3n\/Zona Roja.<\/p>\n\n\n\n<p>Oaxaca de Ju\u00e1rez, Oax., 15 de enero de 2021.- \u201cNo m\u00e1s muertes, no m\u00e1s personal de salud, y sus familiares, ca\u00eddo en la lucha contra la epidemia\u201d<\/p>\n\n\n\n<p>Es la consigna de al menos 22 colegios, asociaciones e instituciones especializadas en medicina, que denunciaron el colapso que enfrenta el sector salud debido a la pandemia por Covid-19 y exigieron a las autoridades estatales declarar de manera inmediata el sem\u00e1foro rojo en la entidad oaxaque\u00f1a.&nbsp;<\/p>\n\n\n\n<p>En un documento dirigido al gobernador de Oaxaca, Alejandro Murat Hinojosa, as\u00ed como a las autoridades de salud e incluso el Congreso local, piden en calidad de urgente la aplicaci\u00f3n del sem\u00e1foro rojo epidemiol\u00f3gico y el confinamiento de los sectores no esenciales durante 30 d\u00edas, as\u00ed como la suspensi\u00f3n de las actividades de la que no dependa la supervivencia de la poblaci\u00f3n.&nbsp;<\/p>\n\n\n\n<p>Tambi\u00e9n, hacer cumplir la prohibici\u00f3n de todo tipo de festividades, ya que son graves focos de contagio, como se ha podido comprobar en las \u00faltimas fechas, adem\u00e1s de pedir a los sitios peligrosos de contagio que cumplan con las normas sanitarias preventivas para reducir el riesgo contraer el virus.<\/p>\n\n\n\n<p>As\u00ed mismo, terminar con la politiquer\u00eda y ponderar la salud p\u00fablica, a\u00fan por encima de las actividades econ\u00f3micas que no representan una prioridad y por el contrario podr\u00edan ser atendidas en un segundo momento.<\/p>\n\n\n\n<p>En materia laboral exigieron tambi\u00e9n la contrataci\u00f3n de personal m\u00e9dico y param\u00e9dico para sustituir y dar un respiro a quienes tienen ya meses de atender a pacientes con CoViD-19 y tienen un gran desgaste f\u00edsico y psicol\u00f3gico; no despedir arbitrariamente a m\u00e1s m\u00e9dicos y enfermeras como ya lo hicieron a final de a\u00f1o.<\/p>\n\n\n\n<p>As\u00ed como instalar y hacer funcionar eficazmente los Consejos de Salud P\u00fablica y Epidemiolog\u00eda estatal y municipal, mismos que incluyan a profesionales de la salud y no s\u00f3lo a funcionarios; e integrar al esquema nacional de vacunaci\u00f3n a los profesionales de salud que no pertenezcan a asociaciones de cl\u00ednicas y que laboren en hospitales privados, quienes no est\u00e1n siendo considerados en este momento.<\/p>\n\n\n\n<p>Finalmente, recordaron que las carencias al interior de los centros de salud y hospitales contin\u00faan, afectando de manera significativamente al personal m\u00e9dico que lo ha dado todo durante los \u00faltimos meses, a diferencia de las autoridades que como en otras ocasiones se han quedado cortas en el respaldo al sector de salud.&nbsp;&nbsp;<\/p>\n\n\n\n<p>\u201cY aunque sabemos que esta crisis de salud proviene tambi\u00e9n de un problema estructural cr\u00f3nico que viene de d\u00e9cada atr\u00e1s como producto l\u00f3gico del desmantelamiento paulatino y progresivo del sistema de salud p\u00fablica del pa\u00eds, magnificado por esta epidemia y pandemia in\u00e9ditas, es inaudita la actitud irresponsable de ustedes como autoridades\u201d.<\/p>\n\n\n\n<p>Las peticiones y exigencias no s\u00f3lo est\u00e1n dirigidas a las autoridades estatales toda vez que, el personal de salud, solicit\u00f3 a la ciudadan\u00eda crear conciencia y cumplir con su responsabilidad de cuidarse y cuidar a los dem\u00e1s, para as\u00ed evitar la continuidad de la crisis de salud por la epidemia de Covid-19.&nbsp;<\/p>\n\n\n\n<p>Algunos de los firmantes son: el Colegio M\u00e9dico de Oaxaca \u201cDr. Aurelio Valdivieso\u201d; Colegio de Anatomopat\u00f3logos del Estado de Oaxaca; Sociedad Oaxaque\u00f1a de Patolog\u00eda Cl\u00ednica; Sociedad Oaxaque\u00f1a de Cardiolog\u00eda; Colegio de Medicina Interna de Oaxaca; Sociedad de M\u00e9dicos Generales; Sociedad de Gastroenterolog\u00eda de Oaxaca; Asociaci\u00f3n de Neonatolog\u00eda del Estado de Oaxaca.<\/p>\n\n\n\n<p>As\u00ed mismo el Colegio de Nefrolog\u00eda y Trasplantes; Asociaci\u00f3n Oaxaque\u00f1a de Especialistas en Medicina Familiar; Colegio de M\u00e9dicos Cirujanos de la Mixteca; Colegio Oaxaque\u00f1o de Medicina de Electrodiagn\u00f3stico, Medicina F\u00edsica y Rehabilitaci\u00f3n; Sociedad Oaxaque\u00f1a de Salud P\u00fablica; Colegio de Pediatr\u00eda del Estado de Oaxaca; Colegio de Cirujanos Ur\u00f3logos, entre otros.&nbsp;<\/p>\n","protected":false},"excerpt":{"rendered":"<p>Evlin Arag\u00f3n\/Zona Roja. Oaxaca de Ju\u00e1rez, Oax., 15 de enero de 2021.- \u201cNo m\u00e1s muertes,&hellip;<\/p>\n","protected":false},"author":2,"featured_media":22438,"comment_status":"closed","ping_status":"open","sticky":false,"template":"","format":"standard","meta":{"_lmt_disableupdate":"","_lmt_disable":"","_jetpack_memberships_contains_paid_content":false,"footnotes":""},"categories":[109,47],"tags":[165],"class_list":["post-22437","post","type-post","status-publish","format-standard","has-post-thumbnail","hentry","category-minuto-a-minuto","category-zona-gris","tag-colegio-medico-de-oaxaca"],"jetpack_featured_media_url":"https:\/\/zonaroja.com.mx\/wp-content\/uploads\/2021\/01\/Colegio-Medico-de-Oaxaca.jpg","jetpack_sharing_enabled":true,"_links":{"self":[{"href":"https:\/\/zonaroja.com.mx\/index.php?rest_route=\/wp\/v2\/posts\/22437","targetHints":{"allow":["GET"]}}],"collection":[{"href":"https:\/\/zonaroja.com.mx\/index.php?rest_route=\/wp\/v2\/posts"}],"about":[{"href":"https:\/\/zonaroja.com.mx\/index.php?rest_route=\/wp\/v2\/types\/post"}],"author":[{"embeddable":true,"href":"https:\/\/zonaroja.com.mx\/index.php?rest_route=\/wp\/v2\/users\/2"}],"replies":[{"embeddable":true,"href":"https:\/\/zonaroja.com.mx\/index.php?rest_route=%2Fwp%2Fv2%2Fcomments&post=22437"}],"version-history":[{"count":1,"href":"https:\/\/zonaroja.com.mx\/index.php?rest_route=\/wp\/v2\/posts\/22437\/revisions"}],"predecessor-version":[{"id":22439,"href":"https:\/\/zonaroja.com.mx\/index.php?rest_route=\/wp\/v2\/posts\/22437\/revisions\/22439"}],"wp:featuredmedia":[{"embeddable":true,"href":"https:\/\/zonaroja.com.mx\/index.php?rest_route=\/wp\/v2\/media\/22438"}],"wp:attachment":[{"href":"https:\/\/zonaroja.com.mx\/index.php?rest_route=%2Fwp%2Fv2%2Fmedia&parent=22437"}],"wp:term":[{"taxonomy":"category","embeddable":true,"href":"https:\/\/zonaroja.com.mx\/index.php?rest_route=%2Fwp%2Fv2%2Fcategories&post=22437"},{"taxonomy":"post_tag","embeddable":true,"href":"https:\/\/zonaroja.com.mx\/index.php?rest_route=%2Fwp%2Fv2%2Ftags&post=22437"}],"curies":[{"name":"wp","href":"https:\/\/api.w.org\/{rel}","templated":true}]}}