{"id":22447,"date":"2021-01-15T16:47:36","date_gmt":"2021-01-15T22:47:36","guid":{"rendered":"http:\/\/www.zonaroja.com.mx\/?p=22447"},"modified":"2021-01-15T16:47:40","modified_gmt":"2021-01-15T22:47:40","slug":"desaparece-joven-oaxaca-capital-urge-localizar-a-cynthia-monserrat","status":"publish","type":"post","link":"https:\/\/zonaroja.com.mx\/?p=22447","title":{"rendered":"Desaparece joven Oaxaca capital; urge localizar a Cynthia Monserrat"},"content":{"rendered":"\n<p>Evlin Arag\u00f3n\/Zona Roja.<\/p>\n\n\n\n<p>Oaxaca de Ju\u00e1rez, Oax., 15 de enero de 2021.- Decenas de mujeres se han dado a la tarea de compartir, a trav\u00e9s de sus redes sociales, la imagen de Cynthia Monserrat Gonz\u00e1lez Pulido, quien sali\u00f3 de su casa la ma\u00f1ana de este jueves 14 de enero y no ha regresado, situaci\u00f3n que ha alertado a su familia y amistades.&nbsp;<\/p>\n\n\n\n<p>La joven cuenta con un padecimiento de salud mental y no ha tomado su medicaci\u00f3n, situaci\u00f3n que la pondr\u00eda en mayor vulnerabilidad al no encontrarse en plena cordura para volver a casa o ubicarse en alg\u00fan seguro, de ah\u00ed que varias personas se han unido en su b\u00fasqueda.&nbsp;<\/p>\n\n\n\n<p>\u201cHola. Me llamo Cynthia y tengo un problema de salud padezco bipolaridad, sal\u00ed de casa ayer a las 9:30 horas, y ya no regres\u00e9 para ninguna toma de mis dem\u00e1s medicamentos, sin mis medicamentos no tengo cordura\u201d, refiere la publicaci\u00f3n en las redes sociales.&nbsp;<\/p>\n\n\n\n<p>Es la hermana de la joven, la que iniciado la b\u00fasqueda a trav\u00e9s de las redes sociales y la que pide la solidaridad de la ciudadan\u00eda ante cualquier dato que puedan proporcionar sobre su paradero.<\/p>\n\n\n\n<p>\u201cSi me has visto contacta a mi hermana Jocelyn a los n\u00fameros 951 1242291 y 951 1578609. Te lo agradezco de antemano. Difundamos de favor amigas y amigos\u201d, puntualiza el mensaje.&nbsp;<\/p>\n\n\n\n<p>De acuerdo con su perfil de Facebook, Cynthia tiene afici\u00f3n por las artes y gusta de la Gesti\u00f3n Cultural, adem\u00e1s es madre de un peque\u00f1o que la espera en casa.&nbsp;<\/p>\n\n\n\n<p>En Oaxaca la desaparici\u00f3n de mujeres se ha convertido en una constante, de acuerdo al recuento hemerogr\u00e1fico que realiza Consorcio Oaxaca, sobre la incidencia contra las mujeres, de enero al 30 de diciembre de 2020 se registr\u00f3 un acumulado de 366 reportes de ni\u00f1as, adolescentes y mujeres.&nbsp;<\/p>\n\n\n\n<p>Tan s\u00f3lo en v\u00edsperas del nuevo a\u00f1o, la Fiscal\u00eda General de Oaxaca report\u00f3 la no localizaci\u00f3n de tres j\u00f3venes mujeres, una de ellas menor de edad.<\/p>\n\n\n\n<figure class=\"wp-block-image size-large\"><img decoding=\"async\" width=\"577\" height=\"1024\" src=\"http:\/\/www.zonaroja.com.mx\/wp-content\/uploads\/2021\/01\/Cynthia-Monserrat-2-577x1024.jpg\" alt=\"\" class=\"wp-image-22449\" srcset=\"https:\/\/zonaroja.com.mx\/wp-content\/uploads\/2021\/01\/Cynthia-Monserrat-2-577x1024.jpg 577w, https:\/\/zonaroja.com.mx\/wp-content\/uploads\/2021\/01\/Cynthia-Monserrat-2-169x300.jpg 169w, https:\/\/zonaroja.com.mx\/wp-content\/uploads\/2021\/01\/Cynthia-Monserrat-2-585x1039.jpg 585w, https:\/\/zonaroja.com.mx\/wp-content\/uploads\/2021\/01\/Cynthia-Monserrat-2.jpg 721w\" sizes=\"(max-width: 577px) 100vw, 577px\" \/><\/figure>\n","protected":false},"excerpt":{"rendered":"<p>Evlin Arag\u00f3n\/Zona Roja. Oaxaca de Ju\u00e1rez, Oax., 15 de enero de 2021.- Decenas de mujeres&hellip;<\/p>\n","protected":false},"author":2,"featured_media":22448,"comment_status":"closed","ping_status":"open","sticky":false,"template":"","format":"standard","meta":{"_lmt_disableupdate":"","_lmt_disable":"","_jetpack_memberships_contains_paid_content":false,"footnotes":""},"categories":[109,47],"tags":[2373],"class_list":["post-22447","post","type-post","status-publish","format-standard","has-post-thumbnail","hentry","category-minuto-a-minuto","category-zona-gris","tag-cynthia-monserrat-gomez-pulido"],"jetpack_featured_media_url":"https:\/\/zonaroja.com.mx\/wp-content\/uploads\/2021\/01\/Cynthia-Monserrat-1.jpg","jetpack_sharing_enabled":true,"_links":{"self":[{"href":"https:\/\/zonaroja.com.mx\/index.php?rest_route=\/wp\/v2\/posts\/22447","targetHints":{"allow":["GET"]}}],"collection":[{"href":"https:\/\/zonaroja.com.mx\/index.php?rest_route=\/wp\/v2\/posts"}],"about":[{"href":"https:\/\/zonaroja.com.mx\/index.php?rest_route=\/wp\/v2\/types\/post"}],"author":[{"embeddable":true,"href":"https:\/\/zonaroja.com.mx\/index.php?rest_route=\/wp\/v2\/users\/2"}],"replies":[{"embeddable":true,"href":"https:\/\/zonaroja.com.mx\/index.php?rest_route=%2Fwp%2Fv2%2Fcomments&post=22447"}],"version-history":[{"count":1,"href":"https:\/\/zonaroja.com.mx\/index.php?rest_route=\/wp\/v2\/posts\/22447\/revisions"}],"predecessor-version":[{"id":22450,"href":"https:\/\/zonaroja.com.mx\/index.php?rest_route=\/wp\/v2\/posts\/22447\/revisions\/22450"}],"wp:featuredmedia":[{"embeddable":true,"href":"https:\/\/zonaroja.com.mx\/index.php?rest_route=\/wp\/v2\/media\/22448"}],"wp:attachment":[{"href":"https:\/\/zonaroja.com.mx\/index.php?rest_route=%2Fwp%2Fv2%2Fmedia&parent=22447"}],"wp:term":[{"taxonomy":"category","embeddable":true,"href":"https:\/\/zonaroja.com.mx\/index.php?rest_route=%2Fwp%2Fv2%2Fcategories&post=22447"},{"taxonomy":"post_tag","embeddable":true,"href":"https:\/\/zonaroja.com.mx\/index.php?rest_route=%2Fwp%2Fv2%2Ftags&post=22447"}],"curies":[{"name":"wp","href":"https:\/\/api.w.org\/{rel}","templated":true}]}}