{"id":22451,"date":"2021-01-15T19:49:11","date_gmt":"2021-01-16T01:49:11","guid":{"rendered":"http:\/\/www.zonaroja.com.mx\/?p=22451"},"modified":"2021-01-15T19:58:39","modified_gmt":"2021-01-16T01:58:39","slug":"excluyen-de-vacuna-contra-covid-19-a-trabajadores-del-hraeo","status":"publish","type":"post","link":"https:\/\/zonaroja.com.mx\/?p=22451","title":{"rendered":"Excluyen de vacuna contra Covid-19 a trabajadores del HRAEO"},"content":{"rendered":"\n<p>Yuridiana Sosa\/Zona Roja.<\/p>\n\n\n\n<p>Oaxaca de Ju\u00e1rez, Oax., 15 de enero de 2021.- La Secci\u00f3n 96 del Sindicato Nacional de Trabajadores de la Secretar\u00eda de Salud, del Hospital Regional de Alta Especialidad de Oaxaca (HRAEO), denunci\u00f3 la exclusi\u00f3n de la vacuna contra el Covid-19 para el personal de la primera l\u00ednea de batalla.<\/p>\n\n\n\n<p>Aunque durante la jornada de vacunaci\u00f3n han surgido distintas quejas sobre la falta de orden para el suministro del biol\u00f3gico en el sector salud, este viernes, durante el tercer d\u00eda del proceso, el Comit\u00e9 Ejecutivo de la Secci\u00f3n 96 del SNTSA public\u00f3 las irregularidades en la vacunaci\u00f3n de personal ajeno a dicha instituci\u00f3n y que no atienden la enfermedad.<\/p>\n\n\n\n<p>El sindicato se\u00f1al\u00f3 que la directora del nosocomio &#8211;convertido para atenci\u00f3n Covid&#8211;, Alba V\u00e1squez Palacios, inform\u00f3 que no se aplicar\u00eda la dosis en personal de las \u00e1reas de administrativo, mantenimiento, archivo cl\u00ednico, admisi\u00f3n hospitalaria, caja, costos, ventanilla \u00fanica, entre otras, a pesar que est\u00e1n activos en medio de la contingencia sanitaria.<\/p>\n\n\n\n<p>\u201cTodos somos importantes y todos aportamos para que esta instituci\u00f3n siga prestando atenci\u00f3n continua para paciente covid\u201d, expresaron los inconformes, quienes se mantienen en alerta ante cualquier movilizaci\u00f3n para exigir el suministro sin restricciones.<\/p>\n\n\n\n<p>Sin embargo, durante este viernes arrib\u00f3 personal del Hospital Psiqui\u00e1trico y de San Pablo Huixtepec que no est\u00e1n considerados en la \u201cprimera l\u00ednea de batalla\u201d.<\/p>\n\n\n\n<p>Como soluci\u00f3n ante el riesgo que siguen viviendo los trabajadores del HRAEO, manifestaron que la direcci\u00f3n decidi\u00f3 reducirles sus guardias de trabajo antes que priorizar la vacunaci\u00f3n contra el Covid-19.<\/p>\n\n\n\n<figure class=\"wp-block-image size-large\"><img decoding=\"async\" width=\"1024\" height=\"448\" src=\"http:\/\/www.zonaroja.com.mx\/wp-content\/uploads\/2021\/01\/Sindicato-HRAEO-1024x448.jpg\" alt=\"\" class=\"wp-image-22452\" srcset=\"https:\/\/zonaroja.com.mx\/wp-content\/uploads\/2021\/01\/Sindicato-HRAEO-1024x448.jpg 1024w, https:\/\/zonaroja.com.mx\/wp-content\/uploads\/2021\/01\/Sindicato-HRAEO-300x131.jpg 300w, https:\/\/zonaroja.com.mx\/wp-content\/uploads\/2021\/01\/Sindicato-HRAEO-768x336.jpg 768w, https:\/\/zonaroja.com.mx\/wp-content\/uploads\/2021\/01\/Sindicato-HRAEO-1170x512.jpg 1170w, https:\/\/zonaroja.com.mx\/wp-content\/uploads\/2021\/01\/Sindicato-HRAEO-585x256.jpg 585w, https:\/\/zonaroja.com.mx\/wp-content\/uploads\/2021\/01\/Sindicato-HRAEO.jpg 1200w\" sizes=\"(max-width: 1024px) 100vw, 1024px\" \/><\/figure>\n\n\n\n<p>M\u00c1S QUEJAS<\/p>\n\n\n\n<p>Por otra parte, de forma extraoficial, personal del Hospital General de Tuxtepec, de los Servicios de Salud de Oaxaca, denunci\u00f3 que trabajadores de la Secretar\u00eda de Bienestar pretend\u00eda evitar que personal activo en el nosocomio, de \u00e1reas distintas a m\u00e9dica, recibieran en inmunol\u00f3gico.<\/p>\n\n\n\n<p>Tras una mesa de negociaci\u00f3n, se concluy\u00f3 que todas las personas inscritas previamente en la lista de beneficiarios, integrantes del cuerpo de trabajadores en contingencia, recibieron la vacuna.<\/p>\n\n\n\n<p>EMITE GOBIERNO ACLARACI\u00d3N<\/p>\n\n\n\n<p>Ante las diversas versiones del posible tr\u00e1fico de influencias para la aplicaci\u00f3n de la vacuna contra el Covid-19, as\u00ed como la inconformidad del personal de distintos hospitales, el Gobierno del Estado emiti\u00f3 un comunicado para aclarar que esta primera etapa es exclusiva para el personal sanitario.<\/p>\n\n\n\n<p>Hasta las primeras horas de este viernes se report\u00f3 un avance del 78.2 por ciento entre el personal que se encuentran atendiendo directamente o indirectamente a pacientes sospechoso y positivos al SARS-CoV-2, \u201cde los 49 nosocomios asignados para la atenci\u00f3n de la emergencia sanitaria, ya sean profesionales de enfermer\u00eda, m\u00e9dicos, laboratoristas, especialistas, conductores de ambulancias, camilleros, manejadores de alimentos, personal de limpieza y administrativo, entre otros\u201d, precis\u00f3 el comunicado.<\/p>\n","protected":false},"excerpt":{"rendered":"<p>Yuridiana Sosa\/Zona Roja. Oaxaca de Ju\u00e1rez, Oax., 15 de enero de 2021.- La Secci\u00f3n 96&hellip;<\/p>\n","protected":false},"author":2,"featured_media":22454,"comment_status":"closed","ping_status":"open","sticky":false,"template":"","format":"standard","meta":{"_lmt_disableupdate":"","_lmt_disable":"","_jetpack_memberships_contains_paid_content":false,"footnotes":""},"categories":[109,47],"tags":[1572],"class_list":["post-22451","post","type-post","status-publish","format-standard","has-post-thumbnail","hentry","category-minuto-a-minuto","category-zona-gris","tag-hospital-regional-de-alta-especialidad-oaxaca"],"jetpack_featured_media_url":"https:\/\/zonaroja.com.mx\/wp-content\/uploads\/2021\/01\/Vacunacion-Hospital-Regional.jpg","jetpack_sharing_enabled":true,"_links":{"self":[{"href":"https:\/\/zonaroja.com.mx\/index.php?rest_route=\/wp\/v2\/posts\/22451","targetHints":{"allow":["GET"]}}],"collection":[{"href":"https:\/\/zonaroja.com.mx\/index.php?rest_route=\/wp\/v2\/posts"}],"about":[{"href":"https:\/\/zonaroja.com.mx\/index.php?rest_route=\/wp\/v2\/types\/post"}],"author":[{"embeddable":true,"href":"https:\/\/zonaroja.com.mx\/index.php?rest_route=\/wp\/v2\/users\/2"}],"replies":[{"embeddable":true,"href":"https:\/\/zonaroja.com.mx\/index.php?rest_route=%2Fwp%2Fv2%2Fcomments&post=22451"}],"version-history":[{"count":1,"href":"https:\/\/zonaroja.com.mx\/index.php?rest_route=\/wp\/v2\/posts\/22451\/revisions"}],"predecessor-version":[{"id":22453,"href":"https:\/\/zonaroja.com.mx\/index.php?rest_route=\/wp\/v2\/posts\/22451\/revisions\/22453"}],"wp:featuredmedia":[{"embeddable":true,"href":"https:\/\/zonaroja.com.mx\/index.php?rest_route=\/wp\/v2\/media\/22454"}],"wp:attachment":[{"href":"https:\/\/zonaroja.com.mx\/index.php?rest_route=%2Fwp%2Fv2%2Fmedia&parent=22451"}],"wp:term":[{"taxonomy":"category","embeddable":true,"href":"https:\/\/zonaroja.com.mx\/index.php?rest_route=%2Fwp%2Fv2%2Fcategories&post=22451"},{"taxonomy":"post_tag","embeddable":true,"href":"https:\/\/zonaroja.com.mx\/index.php?rest_route=%2Fwp%2Fv2%2Ftags&post=22451"}],"curies":[{"name":"wp","href":"https:\/\/api.w.org\/{rel}","templated":true}]}}