{"id":22464,"date":"2021-01-16T08:17:37","date_gmt":"2021-01-16T14:17:37","guid":{"rendered":"http:\/\/www.zonaroja.com.mx\/?p=22464"},"modified":"2021-01-16T08:17:40","modified_gmt":"2021-01-16T14:17:40","slug":"disputan-y-se-aglomeran-por-vacunas-que-ofrece-director-de-hospital-civil","status":"publish","type":"post","link":"https:\/\/zonaroja.com.mx\/?p=22464","title":{"rendered":"Disputan y se aglomeran por vacunas que ofrece director de Hospital Civil"},"content":{"rendered":"\n<p>Redacci\u00f3n\/Zona Roja.<\/p>\n\n\n\n<p>Oaxaca de Ju\u00e1rez, Oax., 16 de enero de 2021.- En el Hospital Civil \u201cDr. Aurelio Valdivieso\u201d de la ciudad de Oaxaca, sobraron las vacunas contra el Covid-19.<\/p>\n\n\n\n<p>Y por ello, el director del nosocomio, Seraf\u00edn L\u00f3pez Concha, invit\u00f3 a personal m\u00e9dico en general de otros centros de trabajo a inmunizarse, seg\u00fan denunciaron los trabajadores del hospital.<\/p>\n\n\n\n<p>Sin embargo, la convocatoria caus\u00f3 aglomeraciones y sin importar el alza en contagios por la enfermedad, cientos de personas acudieron a la sede de la instituci\u00f3n, perteneciente a los Servicios de Salud de Oaxaca (SSO).<\/p>\n\n\n\n<p>Sobre el acceso por la calle Fuerza A\u00e9rea Mexicana, incluso se disputaron los espacios y ri\u00f1eron, para tratar de ingresar y aplicarse la vacuna.<\/p>\n\n\n\n<p>De acuerdo con el gobierno federal, al Hospital Civil llegaron mil 700 vacunas, pero la plantilla de personal m\u00e9dico es de mil 450, por lo cual sobraron cerca de 300 dosis.<\/p>\n\n\n\n<p>Hasta el momento ni la Secretar\u00eda de Salud federal ni los SSO han informado acerca de la desorganizaci\u00f3n y nula estrategia para distribuir y aplicar los inmunol\u00f3gicos; la noche del pasado 12 de enero arribaron a Oaxaca 19 mil 500 vacunas y el d\u00eda 13 comenz\u00f3 su aplicaci\u00f3n.<\/p>\n\n\n\n<p>Sin embargo, la jornada de vacunaci\u00f3n ha sido desorganizada y se han denunciado diversos hechos de favoritismo en Huajuapan de Le\u00f3n, Juchit\u00e1n de Zaragoza, San Juan Bautista Tuxtepec, as\u00ed como en nosocomios de la capital oaxaque\u00f1a.<\/p>\n","protected":false},"excerpt":{"rendered":"<p>Redacci\u00f3n\/Zona Roja. Oaxaca de Ju\u00e1rez, Oax., 16 de enero de 2021.- En el Hospital Civil&hellip;<\/p>\n","protected":false},"author":2,"featured_media":22465,"comment_status":"closed","ping_status":"open","sticky":false,"template":"","format":"standard","meta":{"_lmt_disableupdate":"","_lmt_disable":"","_jetpack_memberships_contains_paid_content":false,"footnotes":""},"categories":[109,47],"tags":[781],"class_list":["post-22464","post","type-post","status-publish","format-standard","has-post-thumbnail","hentry","category-minuto-a-minuto","category-zona-gris","tag-hospital-civil-dr-aurelio-valdivieso-de-oaxaca"],"jetpack_featured_media_url":"https:\/\/zonaroja.com.mx\/wp-content\/uploads\/2021\/01\/Vacunas-Hospital-Civil.jpg","jetpack_sharing_enabled":true,"_links":{"self":[{"href":"https:\/\/zonaroja.com.mx\/index.php?rest_route=\/wp\/v2\/posts\/22464","targetHints":{"allow":["GET"]}}],"collection":[{"href":"https:\/\/zonaroja.com.mx\/index.php?rest_route=\/wp\/v2\/posts"}],"about":[{"href":"https:\/\/zonaroja.com.mx\/index.php?rest_route=\/wp\/v2\/types\/post"}],"author":[{"embeddable":true,"href":"https:\/\/zonaroja.com.mx\/index.php?rest_route=\/wp\/v2\/users\/2"}],"replies":[{"embeddable":true,"href":"https:\/\/zonaroja.com.mx\/index.php?rest_route=%2Fwp%2Fv2%2Fcomments&post=22464"}],"version-history":[{"count":1,"href":"https:\/\/zonaroja.com.mx\/index.php?rest_route=\/wp\/v2\/posts\/22464\/revisions"}],"predecessor-version":[{"id":22466,"href":"https:\/\/zonaroja.com.mx\/index.php?rest_route=\/wp\/v2\/posts\/22464\/revisions\/22466"}],"wp:featuredmedia":[{"embeddable":true,"href":"https:\/\/zonaroja.com.mx\/index.php?rest_route=\/wp\/v2\/media\/22465"}],"wp:attachment":[{"href":"https:\/\/zonaroja.com.mx\/index.php?rest_route=%2Fwp%2Fv2%2Fmedia&parent=22464"}],"wp:term":[{"taxonomy":"category","embeddable":true,"href":"https:\/\/zonaroja.com.mx\/index.php?rest_route=%2Fwp%2Fv2%2Fcategories&post=22464"},{"taxonomy":"post_tag","embeddable":true,"href":"https:\/\/zonaroja.com.mx\/index.php?rest_route=%2Fwp%2Fv2%2Ftags&post=22464"}],"curies":[{"name":"wp","href":"https:\/\/api.w.org\/{rel}","templated":true}]}}