{"id":22467,"date":"2021-01-16T08:42:09","date_gmt":"2021-01-16T14:42:09","guid":{"rendered":"http:\/\/www.zonaroja.com.mx\/?p=22467"},"modified":"2021-01-16T08:42:13","modified_gmt":"2021-01-16T14:42:13","slug":"ediles-de-tejupam-cacahuatepec-y-amatlan-cometieron-violencia-politica-y-de-genero","status":"publish","type":"post","link":"https:\/\/zonaroja.com.mx\/?p=22467","title":{"rendered":"Ediles de Tej\u00fapam, Cacahuatepec y Amatl\u00e1n cometieron violencia pol\u00edtica y de g\u00e9nero"},"content":{"rendered":"\n<p>Redacci\u00f3n\/Zona Roja.<\/p>\n\n\n\n<p>Oaxaca de Ju\u00e1rez, Oax., 16 de enero de 2021.- En sesi\u00f3n p\u00fablica de resoluci\u00f3n, realizada a puerta cerrada, el pleno del Tribunal Electoral del Estado de Oaxaca (TEEO) confirm\u00f3 tres casos de violencia pol\u00edtica en raz\u00f3n de g\u00e9nero, cometida en contra de regidoras en igual n\u00famero de municipios.<\/p>\n\n\n\n<p>En el Juicio para la Protecci\u00f3n de los Derechos Pol\u00edtico Electorales con clave JDC\/71\/2020, determin\u00f3 que la presidenta municipal de Villa Tej\u00fapam de la Uni\u00f3n es responsable de vulnerar los derechos de la concejal Patricia Mendoza Guzm\u00e1n, toda vez, que en el an\u00e1lisis de este expediente se logr\u00f3 advertir, que la actora no fue convocada a sesiones de cabildo, tampoco le fueron pagadas las dietas durante m\u00e1s de un a\u00f1o, y se entorpeci\u00f3 su acreditaci\u00f3n ante la Secretar\u00eda General de Gobierno.<\/p>\n\n\n\n<p>\u201cSus derechos fueron vulnerados por la responsable, lo cual puede traducirse en acciones discriminatorias en su contra, que hizo desigual el ejercicio de sus derechos pol\u00edticos en comparaci\u00f3n con el resto de los integrantes del ayuntamiento\u201d, expone la sentencia.<\/p>\n\n\n\n<p>Por otro lado, en el juicio n\u00famero JDC\/93\/2020, el Tribunal declar\u00f3 fundados los agravios relativos a la violencia pol\u00edtica en raz\u00f3n de g\u00e9nero que denunci\u00f3 la Regidora de Ecolog\u00eda del municipio de San Juan Cacahuatepec.<\/p>\n\n\n\n<p>En el estudio de este expediente, se valoraron los elementos que obran en autos, en los cuales se advierte la comisi\u00f3n de violencia simb\u00f3lica e institucional, en virtud de haber sido invisibilizada la actora por parte del presidente municipal e integrantes del citado ayuntamiento, situaci\u00f3n que la motiv\u00f3 a presentar su licencia y posteriormente, su renuncia.<\/p>\n\n\n\n<p>En el municipio de San Crist\u00f3bal Amatl\u00e1n, la Regidora de Vialidad denunci\u00f3 actos y omisiones tendientes obstruirle sus funciones, sin otorgarle el derecho de audiencia para defenderse, a trav\u00e9s del Juicio para la Protecci\u00f3n de los Derechos Pol\u00edtico Electorales de la Ciudadan\u00eda en el R\u00e9gimen de los Sistemas Normativos Internos, con clave JDCI\/56\/2020.<\/p>\n\n\n\n<p>Al respecto, el \u00f3rgano determin\u00f3 que el presidente municipal e integrantes del cabildo ejercieron violencia pol\u00edtica en raz\u00f3n de g\u00e9nero contra la concejal, toda vez, que fue revocada del cargo en una asamblea comunitaria celebrada en septiembre de 2020, sin cumplir con los procedimientos legales establecidos.<\/p>\n\n\n\n<p>Dicha asamblea, expone la sentencia, fue violatoria de derechos humanos, pues no se advierte que quienes participaron hubiesen tenido conocimiento de los hechos por los que se pretend\u00eda retirar del cargo a la Regidora de Vialidad.<\/p>\n\n\n\n<p>En consecuencia, en estos tres expedientes, la y los magistrados ordenaron la reparaci\u00f3n integral de los da\u00f1os causados a las promoventes.<\/p>\n\n\n\n<p>Por otro lado, en el expediente n\u00famero JDC\/80\/2020, el Pleno del TEEO declar\u00f3 la incompetencia para conocer los agravios se\u00f1alados por concejales de Santa Mar\u00eda Xadani, toda vez que no constituyen actos de naturaleza electoral.<\/p>\n\n\n\n<p>En el mismo sentido, resolvieron, dentro del juicio JDC\/94\/2020, que no tienen facultades para atender los agravios expuestos por una militante del Partido de la Revoluci\u00f3n Democr\u00e1tica contra la presidencia del Instituto Nacional Electoral.<\/p>\n\n\n\n<p>En tanto, en el juicio n\u00famero JDC\/115\/2020, los magistrados del TEEO determinaron que no se configura la violencia pol\u00edtica en raz\u00f3n de g\u00e9nero, denunciada por la S\u00edndica Municipal de Santiago Suchilquitongo, esto a ra\u00edz que se confirm\u00f3 que sus dietas no fueron disminuidas como lo argument\u00f3.<\/p>\n\n\n\n<p>En el juicio para la Protecci\u00f3n de los Derechos Pol\u00edtico Electorales del Ciudadano con clave JDC\/141\/2020, promovido por un aspirante a consejero distrital electoral en San Pedro Mixtepec, se desech\u00f3 este medio de impugnaci\u00f3n toda vez que los agravios planteados ya fueron resueltos previamente en el expediente JDC\/134\/2020.<\/p>\n","protected":false},"excerpt":{"rendered":"<p>Redacci\u00f3n\/Zona Roja. Oaxaca de Ju\u00e1rez, Oax., 16 de enero de 2021.- En sesi\u00f3n p\u00fablica de&hellip;<\/p>\n","protected":false},"author":2,"featured_media":22468,"comment_status":"closed","ping_status":"open","sticky":false,"template":"","format":"standard","meta":{"_lmt_disableupdate":"","_lmt_disable":"","_jetpack_memberships_contains_paid_content":false,"footnotes":""},"categories":[109,47],"tags":[2235],"class_list":["post-22467","post","type-post","status-publish","format-standard","has-post-thumbnail","hentry","category-minuto-a-minuto","category-zona-gris","tag-tribunal-electoral-del-estado-de-oaxaca-teeo"],"jetpack_featured_media_url":"https:\/\/zonaroja.com.mx\/wp-content\/uploads\/2021\/01\/Tribunal-Electoral-del-Estado-de-Oaxaca.jpg","jetpack_sharing_enabled":true,"_links":{"self":[{"href":"https:\/\/zonaroja.com.mx\/index.php?rest_route=\/wp\/v2\/posts\/22467","targetHints":{"allow":["GET"]}}],"collection":[{"href":"https:\/\/zonaroja.com.mx\/index.php?rest_route=\/wp\/v2\/posts"}],"about":[{"href":"https:\/\/zonaroja.com.mx\/index.php?rest_route=\/wp\/v2\/types\/post"}],"author":[{"embeddable":true,"href":"https:\/\/zonaroja.com.mx\/index.php?rest_route=\/wp\/v2\/users\/2"}],"replies":[{"embeddable":true,"href":"https:\/\/zonaroja.com.mx\/index.php?rest_route=%2Fwp%2Fv2%2Fcomments&post=22467"}],"version-history":[{"count":1,"href":"https:\/\/zonaroja.com.mx\/index.php?rest_route=\/wp\/v2\/posts\/22467\/revisions"}],"predecessor-version":[{"id":22469,"href":"https:\/\/zonaroja.com.mx\/index.php?rest_route=\/wp\/v2\/posts\/22467\/revisions\/22469"}],"wp:featuredmedia":[{"embeddable":true,"href":"https:\/\/zonaroja.com.mx\/index.php?rest_route=\/wp\/v2\/media\/22468"}],"wp:attachment":[{"href":"https:\/\/zonaroja.com.mx\/index.php?rest_route=%2Fwp%2Fv2%2Fmedia&parent=22467"}],"wp:term":[{"taxonomy":"category","embeddable":true,"href":"https:\/\/zonaroja.com.mx\/index.php?rest_route=%2Fwp%2Fv2%2Fcategories&post=22467"},{"taxonomy":"post_tag","embeddable":true,"href":"https:\/\/zonaroja.com.mx\/index.php?rest_route=%2Fwp%2Fv2%2Ftags&post=22467"}],"curies":[{"name":"wp","href":"https:\/\/api.w.org\/{rel}","templated":true}]}}