{"id":22472,"date":"2021-01-16T13:18:12","date_gmt":"2021-01-16T19:18:12","guid":{"rendered":"http:\/\/www.zonaroja.com.mx\/?p=22472"},"modified":"2021-01-16T13:18:17","modified_gmt":"2021-01-16T19:18:17","slug":"rodada-nacional-por-la-vida-de-ciclistas-se-replicara-en-oaxaca","status":"publish","type":"post","link":"https:\/\/zonaroja.com.mx\/?p=22472","title":{"rendered":"Rodada Nacional por la Vida de Ciclistas se replicar\u00e1 en Oaxaca"},"content":{"rendered":"\n<p>Evlin Arag\u00f3n\/Zona Roja.<\/p>\n\n\n\n<p>Oaxaca de Ju\u00e1rez, Oax., 16 de enero de 2021.- Este domingo 17 de enero y con car\u00e1cter nacional, se ha organizado una rodada por las y los ciclistas que han muerto arrollados o a causa de accidentes viales debido a la imprudencia y la falta de cultura vial de automovilistas y choferes.<\/p>\n\n\n\n<p>La actividad ser\u00e1 replicada en la capital de Oaxaca, en punto de la ocho de la ma\u00f1ana, y con una ruta del templo de Santo Domingo hacia las instalaciones de la Fiscal\u00eda General de Estado, en donde realizaran un peque\u00f1o mitin para exigir justicia.&nbsp;<\/p>\n\n\n\n<p>Los colectivos organizadores han dado a conocer que, debido a la pandemia, en la capital oaxaque\u00f1a se contar\u00e1 con la presencia de Bravo Alpha Bici Ambulancias, quienes apoyaran a las y los participantes con la sanitizacion de sus bicicletas, adem\u00e1s de que requieren el uso obligatorio de cubrebocas.<\/p>\n\n\n\n<p>As\u00ed mismo, han informado que en Puerto Escondido tambi\u00e9n llevaran a cabo la rodada en punto de la 8.30 de la ma\u00f1ana de este domingo, tal y como se pude observar en las redes sociales.&nbsp;&nbsp;<\/p>\n\n\n\n<p>La rodada es tambi\u00e9n en memoria de Gabriela Soto Garc\u00eda, quien perdi\u00f3 la vida en el pasado mes de diciembre, al ser atropellada por un veh\u00edculo de transporte p\u00fablico en inmediaciones de Santa Cruz Xoxocotl\u00e1n, y con intenci\u00f3n de exigir justicia por la joven.&nbsp;<\/p>\n\n\n\n<p>\u201cRodada por Gabriela Soto Garc\u00eda, por Jacinto Le\u00f3n Guzm\u00e1n y por todos los ciclistas que han perdido la vida injustamente en M\u00e9xico. \u00a1Alcemos la voz! Para que tengamos calles seguras y dignas donde transitar y circular libremente: es nuestro derecho\u201d, refieren como parte de la invitaci\u00f3n que extienden al p\u00fablico en general.&nbsp;<\/p>\n\n\n\n<p>A trav\u00e9s de la p\u00e1gina de Facebook \u00abGaby Bici Blanca\u00bb recordaron que al volante debe privar el respeto a la seguridad de todos los usuarios, sobre todo los m\u00e1s vulnerables; as\u00ed mismo que adelantar al ciclista sin guardar distancia obligatoria de seguridad representa una infracci\u00f3n y falta de respeto por su vida.&nbsp;<\/p>\n\n\n\n<p>Reconocen tambi\u00e9n que hace falta mucho por hacer para contar una cultura vial que reduzca significativamente la muerte de ciclistas, misma que es de car\u00e1cter urgente ante el aumento de personas que usan la bicicleta como medio de transporte.&nbsp;&nbsp;<\/p>\n","protected":false},"excerpt":{"rendered":"<p>Evlin Arag\u00f3n\/Zona Roja. Oaxaca de Ju\u00e1rez, Oax., 16 de enero de 2021.- Este domingo 17&hellip;<\/p>\n","protected":false},"author":2,"featured_media":22473,"comment_status":"closed","ping_status":"open","sticky":false,"template":"","format":"standard","meta":{"_lmt_disableupdate":"","_lmt_disable":"","_jetpack_memberships_contains_paid_content":false,"footnotes":""},"categories":[109,46],"tags":[2304],"class_list":["post-22472","post","type-post","status-publish","format-standard","has-post-thumbnail","hentry","category-minuto-a-minuto","category-zona-blanca","tag-gabriela-soto"],"jetpack_featured_media_url":"https:\/\/zonaroja.com.mx\/wp-content\/uploads\/2021\/01\/Gabriela-Soto-ciclista.jpg","jetpack_sharing_enabled":true,"_links":{"self":[{"href":"https:\/\/zonaroja.com.mx\/index.php?rest_route=\/wp\/v2\/posts\/22472","targetHints":{"allow":["GET"]}}],"collection":[{"href":"https:\/\/zonaroja.com.mx\/index.php?rest_route=\/wp\/v2\/posts"}],"about":[{"href":"https:\/\/zonaroja.com.mx\/index.php?rest_route=\/wp\/v2\/types\/post"}],"author":[{"embeddable":true,"href":"https:\/\/zonaroja.com.mx\/index.php?rest_route=\/wp\/v2\/users\/2"}],"replies":[{"embeddable":true,"href":"https:\/\/zonaroja.com.mx\/index.php?rest_route=%2Fwp%2Fv2%2Fcomments&post=22472"}],"version-history":[{"count":1,"href":"https:\/\/zonaroja.com.mx\/index.php?rest_route=\/wp\/v2\/posts\/22472\/revisions"}],"predecessor-version":[{"id":22474,"href":"https:\/\/zonaroja.com.mx\/index.php?rest_route=\/wp\/v2\/posts\/22472\/revisions\/22474"}],"wp:featuredmedia":[{"embeddable":true,"href":"https:\/\/zonaroja.com.mx\/index.php?rest_route=\/wp\/v2\/media\/22473"}],"wp:attachment":[{"href":"https:\/\/zonaroja.com.mx\/index.php?rest_route=%2Fwp%2Fv2%2Fmedia&parent=22472"}],"wp:term":[{"taxonomy":"category","embeddable":true,"href":"https:\/\/zonaroja.com.mx\/index.php?rest_route=%2Fwp%2Fv2%2Fcategories&post=22472"},{"taxonomy":"post_tag","embeddable":true,"href":"https:\/\/zonaroja.com.mx\/index.php?rest_route=%2Fwp%2Fv2%2Ftags&post=22472"}],"curies":[{"name":"wp","href":"https:\/\/api.w.org\/{rel}","templated":true}]}}