{"id":22475,"date":"2021-01-16T13:22:07","date_gmt":"2021-01-16T19:22:07","guid":{"rendered":"http:\/\/www.zonaroja.com.mx\/?p=22475"},"modified":"2021-01-16T13:22:11","modified_gmt":"2021-01-16T19:22:11","slug":"busca-jucopo-reprogramar-las-comparecencias-por-glosa-del-iv-informe","status":"publish","type":"post","link":"https:\/\/zonaroja.com.mx\/?p=22475","title":{"rendered":"Busca Jucopo reprogramar las comparecencias por glosa del IV Informe"},"content":{"rendered":"\n<p>Evlin Arag\u00f3n\/Zona Roja.<\/p>\n\n\n\n<p>Oaxaca de Ju\u00e1rez, Oax., 16 de enero de 2021.- La diputada local por Morena y presidenta de la Junta de Coordinaci\u00f3n Pol\u00edtica del Congreso de Oaxaca, Delfina Guzm\u00e1n D\u00edaz, asegur\u00f3 que ser\u00e1 hasta fin de mes que se definir\u00e1 la continuidad de las comparecencias del funcionariado p\u00fablico, para la glosa del IV Informe de Gobierno.<\/p>\n\n\n\n<p>Y es que la pandemia ha impedido que \u00e9stas se lleven a cabo en tiempo y forma como lo mandata la ley, sin embargo, no se han olvidado del tema toda vez que consideran fundamental la rendici\u00f3n de cuentas y la transparencia en torno a la informaci\u00f3n p\u00fablica.&nbsp;<\/p>\n\n\n\n<p>La legisladora indic\u00f3 que a\u00fan se tiene que debatir si se llevan a cabo de manera presencia, \u00fanicamente en comisiones, o por el contrario si se trasladan a las plataformas virtuales para evitar alg\u00fan tipo de riesgo de contagio al interior del recinto.&nbsp;&nbsp;<\/p>\n\n\n\n<p>\u201cSe est\u00e1 analizando y discutiendo la posibilidad de que pudiera ser presencial nada m\u00e1s en comisiones o de manera virtual, pero todav\u00eda no se llega al consenso y probablemente dentro de ocho d\u00edas ya tengamos la certeza de que manera se van a dar las comparecencias\u201d.<\/p>\n\n\n\n<figure class=\"wp-block-embed-twitter wp-block-embed is-type-rich is-provider-twitter\"><div class=\"wp-block-embed__wrapper\">\n<div class=\"twitter-tweet\"><blockquote class=\"twitter-tweet\" data-lang=\"es\"><p lang=\"es\" dir=\"ltr\">Las comparecencias de funcionarios del gobierno de <a href=\"https:\/\/twitter.com\/hashtag\/Oaxaca?src=hash&amp;ref_src=twsrc%5Etfw\">#Oaxaca<\/a>, por la glosa del IV Informe, siguen detenidas y la Junta de Coordinaci\u00f3n Pol\u00edtica del <a href=\"https:\/\/twitter.com\/CongresoOaxLXIV?ref_src=twsrc%5Etfw\">@CongresoOaxLXIV<\/a> valora a\u00fan si ser\u00e1n virtuales del pleno o s\u00f3lo en comisiones, inform\u00f3 la diputada <a href=\"https:\/\/twitter.com\/DelfinaGuzmanD1?ref_src=twsrc%5Etfw\">@DelfinaGuzmanD1<\/a>. <a href=\"https:\/\/t.co\/6zo7MMsXc8\">pic.twitter.com\/6zo7MMsXc8<\/a><\/p>&mdash; Zona Roja Oaxaca (@MexRoja) <a href=\"https:\/\/twitter.com\/MexRoja\/status\/1350480127323471874?ref_src=twsrc%5Etfw\">16 de enero de 2021<\/a><\/blockquote><\/div>\n<\/div><\/figure>\n\n\n\n<p>Guzm\u00e1n D\u00edaz insisti\u00f3 en que sea como sea las comparecencias se llevaran a cabo, con la intenci\u00f3n de cumplir al pueblo que tiene el derecho de conocer a detalle el actuar del gobierno del Estado, encabezado por Alejandro Murat Hinojosa, durante su cuarto a\u00f1o administraci\u00f3n.&nbsp;<\/p>\n\n\n\n<p>As\u00ed mismo, indic\u00f3 que dado que algunos funcionarios estar\u00edan participando en la contienda electoral, las comparecencias deber\u00e1n realizarse lo m\u00e1s pronto posible e incluso se buscar\u00eda que quedaran programadas varias por d\u00eda, con la intenci\u00f3n de no incurrir en una falta por el proceso electivo.&nbsp;<\/p>\n\n\n\n<p>\u201cEstar\u00edamos acordando tres o cuatro comparecencias al d\u00eda para que podamos nosotros terminar con todas las dependencias\u201d, refiri\u00f3.<\/p>\n\n\n\n<p>Hace apenas unos d\u00edas la presidenta de la JucopO neg\u00f3 que el recinto legislativo sea un foco de contagio por Covid-19, asegur\u00f3 se han llevado a cabo las sanitizaciones correspondientes y se han establecido protocolos de higiene para todo el personal.<\/p>\n","protected":false},"excerpt":{"rendered":"<p>Evlin Arag\u00f3n\/Zona Roja. Oaxaca de Ju\u00e1rez, Oax., 16 de enero de 2021.- La diputada local&hellip;<\/p>\n","protected":false},"author":2,"featured_media":22476,"comment_status":"closed","ping_status":"open","sticky":false,"template":"","format":"standard","meta":{"_lmt_disableupdate":"","_lmt_disable":"","_jetpack_memberships_contains_paid_content":false,"footnotes":""},"categories":[109,46],"tags":[1927],"class_list":["post-22475","post","type-post","status-publish","format-standard","has-post-thumbnail","hentry","category-minuto-a-minuto","category-zona-blanca","tag-delfina-guzman-diaz"],"jetpack_featured_media_url":"https:\/\/zonaroja.com.mx\/wp-content\/uploads\/2021\/01\/Delfina-Guzman-Diaz.jpg","jetpack_sharing_enabled":true,"_links":{"self":[{"href":"https:\/\/zonaroja.com.mx\/index.php?rest_route=\/wp\/v2\/posts\/22475","targetHints":{"allow":["GET"]}}],"collection":[{"href":"https:\/\/zonaroja.com.mx\/index.php?rest_route=\/wp\/v2\/posts"}],"about":[{"href":"https:\/\/zonaroja.com.mx\/index.php?rest_route=\/wp\/v2\/types\/post"}],"author":[{"embeddable":true,"href":"https:\/\/zonaroja.com.mx\/index.php?rest_route=\/wp\/v2\/users\/2"}],"replies":[{"embeddable":true,"href":"https:\/\/zonaroja.com.mx\/index.php?rest_route=%2Fwp%2Fv2%2Fcomments&post=22475"}],"version-history":[{"count":1,"href":"https:\/\/zonaroja.com.mx\/index.php?rest_route=\/wp\/v2\/posts\/22475\/revisions"}],"predecessor-version":[{"id":22477,"href":"https:\/\/zonaroja.com.mx\/index.php?rest_route=\/wp\/v2\/posts\/22475\/revisions\/22477"}],"wp:featuredmedia":[{"embeddable":true,"href":"https:\/\/zonaroja.com.mx\/index.php?rest_route=\/wp\/v2\/media\/22476"}],"wp:attachment":[{"href":"https:\/\/zonaroja.com.mx\/index.php?rest_route=%2Fwp%2Fv2%2Fmedia&parent=22475"}],"wp:term":[{"taxonomy":"category","embeddable":true,"href":"https:\/\/zonaroja.com.mx\/index.php?rest_route=%2Fwp%2Fv2%2Fcategories&post=22475"},{"taxonomy":"post_tag","embeddable":true,"href":"https:\/\/zonaroja.com.mx\/index.php?rest_route=%2Fwp%2Fv2%2Ftags&post=22475"}],"curies":[{"name":"wp","href":"https:\/\/api.w.org\/{rel}","templated":true}]}}