{"id":2248,"date":"2019-07-14T09:40:47","date_gmt":"2019-07-14T14:40:47","guid":{"rendered":"http:\/\/www.zonaroja.com.mx\/?p=2248"},"modified":"2019-07-14T07:43:09","modified_gmt":"2019-07-14T12:43:09","slug":"prohibe-secretaria-de-turismo-participacion-de-mazapan-en-fiestas","status":"publish","type":"post","link":"https:\/\/zonaroja.com.mx\/?p=2248","title":{"rendered":"Proh\u00edbe Secretar\u00eda de Turismo participaci\u00f3n de \u201cMazap\u00e1n\u201d en fiestas"},"content":{"rendered":"\n<p>Ismael\nGarc\u00eda M.<\/p>\n\n\n\n<p>Foto:\nEspecial<\/p>\n\n\n\n<p>Oaxaca de\nJu\u00e1rez, Oax., 14 de julio de 2019.- La Secretar\u00eda de Turismo de Oaxaca \u201cexhort\u00f3\u201d\na los responsables de \u201cMazap\u00e1n\u201d a no sacar al perro en las calendas de los d\u00edas\n20 y 27 de julio que se realizan en Oaxaca en el marco de las fiestas de la\nGuelaguetza.<\/p>\n\n\n\n<p>A trav\u00e9s de\nsu perfil de Facebook la asociaci\u00f3n civil \u201cGarras y patas conectando amor\u201d\nexpuso el aviso le fue dado en d\u00edas pasados:<\/p>\n\n\n\n<p>\u201cTrabajadores\nde esa secretar\u00eda nos externaron su preocupaci\u00f3n por la integridad f\u00edsica de\nlas tradicionales \u2018Chinas Oaxaque\u00f1as y diversas delegaciones participantes,\ndebido a que en eventos anteriores, `Mazap\u00e1n\u2019 en su af\u00e1n de demostrar su\nalegr\u00eda acompa\u00f1a los recorridos y baila con ellos, por lo que tienen que cuidar\nsu paso para no lastimarlo ni causar alg\u00fan tipo de accidente\u201d.<\/p>\n\n\n\n<p>Indic\u00f3 que por\ncuestiones de seguridad, tanto para las personas, como para \u201cMazap\u00e1n\u201d, \u201cse\nlleg\u00f3 al acuerdo entre la familia de \u00e9ste y nuestra organizaci\u00f3n, que no saldr\u00e1\nen estas festividades ni en ning\u00fan otro evento relacionado con esto.<\/p>\n\n\n\n<p>\u201cYa que \u2018Mazap\u00e1n\u2019,\nes un perrito que merece respeto a su espacio, a una vida tranquila y a\ndisfrutar de sus paseos libremente en la ciudad, sin el acoso y atosigamiento,\ncomo el que ha sufrido en las \u00faltimas semanas, lo que ya le est\u00e1 ocasionando\nproblemas de salud, digestivos y de estr\u00e9s\u201d.&nbsp;\n<\/p>\n\n\n\n<p>La asociaci\u00f3n civil destac\u00f3 que, preocupados por el bienestar animal, no est\u00e1n a favor ni apoyan este \u201cshow circense\u201d que se ha montado en torno a la figura de \u201cMazap\u00e1n\u201d. <\/p>\n\n\n\n<figure class=\"wp-block-embed-twitter wp-block-embed is-type-rich is-provider-twitter\"><div class=\"wp-block-embed__wrapper\">\n<div class=\"twitter-tweet\"><blockquote class=\"twitter-tweet\" data-lang=\"es\"><p lang=\"es\" dir=\"ltr\">Sin guayabera de gobernador priista hoy, <a href=\"https:\/\/twitter.com\/hashtag\/Guelaguetza2019?src=hash&amp;ref_src=twsrc%5Etfw\">#Guelaguetza2019<\/a> <br><br>Soy <a href=\"https:\/\/twitter.com\/hashtag\/PerroMazap%C3%A1n?src=hash&amp;ref_src=twsrc%5Etfw\">#PerroMazap\u00e1n<\/a> el <a href=\"https:\/\/twitter.com\/hashtag\/PerroCalendero?src=hash&amp;ref_src=twsrc%5Etfw\">#PerroCalendero<\/a>, <a href=\"https:\/\/t.co\/TECcm6BYfC\">pic.twitter.com\/TECcm6BYfC<\/a><\/p>&mdash; Mi nombre es Mazap\u00e1n (@PerroMazapan) <a href=\"https:\/\/twitter.com\/PerroMazapan\/status\/1150224582286200832?ref_src=twsrc%5Etfw\">14 de julio de 2019<\/a><\/blockquote><\/div>\n<\/div><\/figure>\n\n\n\n<p>\u201cTambi\u00e9n,\nqueremos aclarar que no tenemos nada que ver con esa serie de p\u00e1ginas y perfiles\nque se han abierto en \u2018su nombre\u2019 y que s\u00f3lo aportan morbo, a las cuales les\npedimos cesen el acoso hacia el perro\u201d, expuso en el aviso.<\/p>\n\n\n\n<p>Rechaz\u00f3\nasimismo que est\u00e9n recibiendo dinero o lucrando con la imagen del perro\ncalendero m\u00e1s famoso de Oaxaca, a trav\u00e9s de la venta de playeras, llaveros, y\ndem\u00e1s art\u00edculos, \u201cque no aportan nada al beneficio de los animales\u201d. <\/p>\n\n\n\n<p>\u201cEsperamos\nque comprendan que por el bienestar y seguridad de \u2018Mazap\u00e1n\u2019, este perrito\nbailador y de las personas, ser\u00e1 mejor tenerlo resguardado en casita y quiz\u00e1,\nen algunas ocasiones saldr\u00e1 s\u00f3lo un rato, para que no extra\u00f1e sus paseos por la\nciudad\u201d, manifest\u00f3.<\/p>\n\n\n\n<p>Cabe destacar que el perro, que viv\u00eda en las calles del Centro Hist\u00f3rico de la capital y ahora es resguardado en un hogar en la misma zona, est\u00e1 invitado el pr\u00f3ximo domingo a asistir a la Guelaguetza que organiza el ayuntamiento de la Villa de Mitla, que le regal\u00f3 una camisa con bordados artesanales.<\/p>\n\n\n\n<figure class=\"wp-block-embed-twitter wp-block-embed is-type-rich is-provider-twitter\"><div class=\"wp-block-embed__wrapper\">\n<div class=\"twitter-tweet\"><blockquote class=\"twitter-tweet\" data-lang=\"es\"><p lang=\"es\" dir=\"ltr\">Importante aclaraci\u00f3n,<br><br>En RRSS hay muchas observaciones acerca de mi participaci\u00f3n en la <a href=\"https:\/\/twitter.com\/hashtag\/Guelaguetza2019?src=hash&amp;ref_src=twsrc%5Etfw\">#Guelaguetza2019<\/a> de la <a href=\"https:\/\/twitter.com\/hashtag\/VillaDeMitla?src=hash&amp;ref_src=twsrc%5Etfw\">#VillaDeMitla<\/a>, solo ser\u00e9 invitado y es m\u00e1s no me gusta decir que es de honor, porque ese adjetivo no me gusta,<br><br>Soy <a href=\"https:\/\/twitter.com\/hashtag\/PerroMazap%C3%A1n?src=hash&amp;ref_src=twsrc%5Etfw\">#PerroMazap\u00e1n<\/a> el <a href=\"https:\/\/twitter.com\/hashtag\/PerroCalendero?src=hash&amp;ref_src=twsrc%5Etfw\">#PerroCalendero<\/a>, <a href=\"https:\/\/t.co\/L1FqvVWia4\">pic.twitter.com\/L1FqvVWia4<\/a><\/p>&mdash; Mi nombre es Mazap\u00e1n (@PerroMazapan) <a href=\"https:\/\/twitter.com\/PerroMazapan\/status\/1150144609714130949?ref_src=twsrc%5Etfw\">13 de julio de 2019<\/a><\/blockquote><\/div>\n<\/div><\/figure>\n","protected":false},"excerpt":{"rendered":"<p>Ismael Garc\u00eda M. Foto: Especial Oaxaca de Ju\u00e1rez, Oax., 14 de julio de 2019.- La&hellip;<\/p>\n","protected":false},"author":2,"featured_media":2249,"comment_status":"closed","ping_status":"open","sticky":false,"template":"","format":"standard","meta":{"_lmt_disableupdate":"","_lmt_disable":"","_jetpack_memberships_contains_paid_content":false,"footnotes":""},"categories":[109,49],"tags":[343],"class_list":["post-2248","post","type-post","status-publish","format-standard","has-post-thumbnail","hentry","category-minuto-a-minuto","category-zona-fresa","tag-perro-calendero-mazapan-oaxaca-guelaguetza"],"jetpack_featured_media_url":"https:\/\/zonaroja.com.mx\/wp-content\/uploads\/2019\/07\/IMG_9268-1.jpg","jetpack_sharing_enabled":true,"_links":{"self":[{"href":"https:\/\/zonaroja.com.mx\/index.php?rest_route=\/wp\/v2\/posts\/2248","targetHints":{"allow":["GET"]}}],"collection":[{"href":"https:\/\/zonaroja.com.mx\/index.php?rest_route=\/wp\/v2\/posts"}],"about":[{"href":"https:\/\/zonaroja.com.mx\/index.php?rest_route=\/wp\/v2\/types\/post"}],"author":[{"embeddable":true,"href":"https:\/\/zonaroja.com.mx\/index.php?rest_route=\/wp\/v2\/users\/2"}],"replies":[{"embeddable":true,"href":"https:\/\/zonaroja.com.mx\/index.php?rest_route=%2Fwp%2Fv2%2Fcomments&post=2248"}],"version-history":[{"count":1,"href":"https:\/\/zonaroja.com.mx\/index.php?rest_route=\/wp\/v2\/posts\/2248\/revisions"}],"predecessor-version":[{"id":2250,"href":"https:\/\/zonaroja.com.mx\/index.php?rest_route=\/wp\/v2\/posts\/2248\/revisions\/2250"}],"wp:featuredmedia":[{"embeddable":true,"href":"https:\/\/zonaroja.com.mx\/index.php?rest_route=\/wp\/v2\/media\/2249"}],"wp:attachment":[{"href":"https:\/\/zonaroja.com.mx\/index.php?rest_route=%2Fwp%2Fv2%2Fmedia&parent=2248"}],"wp:term":[{"taxonomy":"category","embeddable":true,"href":"https:\/\/zonaroja.com.mx\/index.php?rest_route=%2Fwp%2Fv2%2Fcategories&post=2248"},{"taxonomy":"post_tag","embeddable":true,"href":"https:\/\/zonaroja.com.mx\/index.php?rest_route=%2Fwp%2Fv2%2Ftags&post=2248"}],"curies":[{"name":"wp","href":"https:\/\/api.w.org\/{rel}","templated":true}]}}