{"id":22484,"date":"2021-01-16T18:48:18","date_gmt":"2021-01-17T00:48:18","guid":{"rendered":"http:\/\/www.zonaroja.com.mx\/?p=22484"},"modified":"2021-01-16T18:48:25","modified_gmt":"2021-01-17T00:48:25","slug":"pan-va-solo-y-rechaza-candidatura-comun-encabezada-por-el-pri-en-la-capital","status":"publish","type":"post","link":"https:\/\/zonaroja.com.mx\/?p=22484","title":{"rendered":"PAN va solo y rechaza candidatura com\u00fan encabezada por el PRI en la capital"},"content":{"rendered":"\n<p>Yuridiana Sosa\/Zona Roja.<\/p>\n\n\n\n<p>Oaxaca de Ju\u00e1rez, Oax., 16 de enero de 2021.- El Comit\u00e9 Directivo Municipal del Partido Acci\u00f3n Nacional (PAN) en la capital del estado, neg\u00f3 acuerdo con el PRI para que el tricolor lidere la candidatura com\u00fan en Oaxaca de Ju\u00e1rez para la elecci\u00f3n a presidente municipal.<\/p>\n\n\n\n<p>A trav\u00e9s de un comunicado de prensa, el partido albiazul se\u00f1al\u00f3 que s\u00f3lo aceptar\u00eda una alianza con el Partido Revolucionario Institucional (PRI) para la concejal\u00eda si es el PAN quien encabece la candidatura.<\/p>\n\n\n\n<p>En tanto no exista ese escenario, el Comit\u00e9 Directivo Municipal indic\u00f3 que el PAN se perfila para competir solo en la capital, pues cuenta con los perfiles id\u00f3neos dentro de la militancia para elegir a un candidato.<\/p>\n\n\n\n<p>\u201cEs absolutamente falso que se haya dado el aval al PRI para que encabece una posible candidatura com\u00fan a la presidencia municipal de Oaxaca de Ju\u00e1rez, en consecuencia, es falso que se avale un militante del PRI para que encabece la planilla\u201d, cit\u00f3 ante la difusi\u00f3n de informaci\u00f3n en medios locales de comunicaci\u00f3n sobre dichos acuerdos.<\/p>\n\n\n\n<p>Sin embargo, el PAN s\u00ed formaliz\u00f3 el pasado 12 de enero la coalici\u00f3n con el PRI y PRD para competir en 80 municipios de los 153 que se rigen por partidos pol\u00edticos, con excepci\u00f3n de la capital y Juchit\u00e1n.<\/p>\n\n\n\n<p>TAMBI\u00c9N PRD<\/p>\n\n\n\n<p>Por otra parte, el Partido de la Revoluci\u00f3n Democr\u00e1tica prev\u00e9 lanzar a su propio candidato a la alcald\u00eda de Oaxaca de Ju\u00e1rez.<\/p>\n\n\n\n<p>Eso lo adelant\u00f3 el presidente municipal de Santa Cruz Xoxocotl\u00e1n, Alejandro L\u00f3pez Jarqu\u00edn &#8211;hermano de Carlos, el actual presidente de la dirigencia estatal&#8211;, al difundir una fotograf\u00eda con Ra\u00fal Castellanos Hern\u00e1ndez, quien dijo ser\u00eda un buen candidato.<\/p>\n","protected":false},"excerpt":{"rendered":"<p>Yuridiana Sosa\/Zona Roja. Oaxaca de Ju\u00e1rez, Oax., 16 de enero de 2021.- El Comit\u00e9 Directivo&hellip;<\/p>\n","protected":false},"author":2,"featured_media":22485,"comment_status":"closed","ping_status":"open","sticky":false,"template":"","format":"standard","meta":{"_lmt_disableupdate":"","_lmt_disable":"","_jetpack_memberships_contains_paid_content":false,"footnotes":""},"categories":[109,47],"tags":[2364],"class_list":["post-22484","post","type-post","status-publish","format-standard","has-post-thumbnail","hentry","category-minuto-a-minuto","category-zona-gris","tag-partido-accion-nacional-pan-oaxaca"],"jetpack_featured_media_url":"https:\/\/zonaroja.com.mx\/wp-content\/uploads\/2021\/01\/Laura-Aguilar-Chagoya.png","jetpack_sharing_enabled":true,"_links":{"self":[{"href":"https:\/\/zonaroja.com.mx\/index.php?rest_route=\/wp\/v2\/posts\/22484","targetHints":{"allow":["GET"]}}],"collection":[{"href":"https:\/\/zonaroja.com.mx\/index.php?rest_route=\/wp\/v2\/posts"}],"about":[{"href":"https:\/\/zonaroja.com.mx\/index.php?rest_route=\/wp\/v2\/types\/post"}],"author":[{"embeddable":true,"href":"https:\/\/zonaroja.com.mx\/index.php?rest_route=\/wp\/v2\/users\/2"}],"replies":[{"embeddable":true,"href":"https:\/\/zonaroja.com.mx\/index.php?rest_route=%2Fwp%2Fv2%2Fcomments&post=22484"}],"version-history":[{"count":1,"href":"https:\/\/zonaroja.com.mx\/index.php?rest_route=\/wp\/v2\/posts\/22484\/revisions"}],"predecessor-version":[{"id":22486,"href":"https:\/\/zonaroja.com.mx\/index.php?rest_route=\/wp\/v2\/posts\/22484\/revisions\/22486"}],"wp:featuredmedia":[{"embeddable":true,"href":"https:\/\/zonaroja.com.mx\/index.php?rest_route=\/wp\/v2\/media\/22485"}],"wp:attachment":[{"href":"https:\/\/zonaroja.com.mx\/index.php?rest_route=%2Fwp%2Fv2%2Fmedia&parent=22484"}],"wp:term":[{"taxonomy":"category","embeddable":true,"href":"https:\/\/zonaroja.com.mx\/index.php?rest_route=%2Fwp%2Fv2%2Fcategories&post=22484"},{"taxonomy":"post_tag","embeddable":true,"href":"https:\/\/zonaroja.com.mx\/index.php?rest_route=%2Fwp%2Fv2%2Ftags&post=22484"}],"curies":[{"name":"wp","href":"https:\/\/api.w.org\/{rel}","templated":true}]}}