{"id":22487,"date":"2021-01-17T07:39:44","date_gmt":"2021-01-17T13:39:44","guid":{"rendered":"http:\/\/www.zonaroja.com.mx\/?p=22487"},"modified":"2021-01-17T08:33:46","modified_gmt":"2021-01-17T14:33:46","slug":"registra-la-seccion-22-11-decesos-de-maestros-en-primeros-dias-de-2021","status":"publish","type":"post","link":"https:\/\/zonaroja.com.mx\/?p=22487","title":{"rendered":"Registra la Secci\u00f3n 22 once decesos de maestros en primeros d\u00edas de 2021"},"content":{"rendered":"\n<p>Redacci\u00f3n\/Estado 20.<\/p>\n\n\n\n<p>Oaxaca de Ju\u00e1rez, Oax., 17 de enero de 2021.- Mientras el pasado lunes 11 de enero de enero reanudaron las actividades escolares a distancia, la Secci\u00f3n 22 de la Coordinadora Nacional de Trabajadores de la Educaci\u00f3n (CNTE) notific\u00f3 la muerte de 11 maestros en retiro y en activo durante los primeros d\u00edas de 2021.<\/p>\n\n\n\n<p>La gremial no precis\u00f3 las causas de los decesos, pero comenz\u00f3 a notificar las muertes de sus afiliados y a enviar condolencias a la par con el avance de la pandemia de Covid 19.<\/p>\n\n\n\n<p>Al respecto, refiri\u00f3 que tres de los fallecimientos ocurrieron en la regi\u00f3n de la Mixteca, tres en la Costa, dos en el Istmo de Tehuantepec, dos en Valles Centrales y uno en la Sierra Norte.<\/p>\n\n\n\n<p>Asimismo, expuso que un colaborador de la estaci\u00f3n \u201cRadio Plant\u00f3n\u201d, una emisora ilegal que instaur\u00f3 desde el conflicto social de 2006, tambi\u00e9n falleci\u00f3 durante los primeros d\u00edas de enero.<\/p>\n\n\n\n<p>El sindicato precis\u00f3 que ocho de los profesionales de la educaci\u00f3n estaban en activo y tres permanec\u00edan en el retiro.<\/p>\n\n\n\n<p>En los \u00faltimos casos notificados por la gremial, se indic\u00f3 que el pasado 9 de enero fallecieron un director de primaria de Huajuapan de Le\u00f3n y un integrante de la base sindical de educaci\u00f3n primaria tambi\u00e9n de la regi\u00f3n de la Mixteca.<\/p>\n\n\n\n<p>Asimismo, refiri\u00f3 que dentro de la lista del comienzo de 2021, tambi\u00e9n figura el nombre de un profesor que fund\u00f3 la Escuela Normal de Huajuapan de Le\u00f3n.<\/p>\n\n\n\n<p>Es de mencionar, que la regi\u00f3n de la Mixteca, junto con la de Valles Centrales, es las que hasta este 10 de enero registraba la mayor ocupaci\u00f3n hospitalaria por casos de Covid 19.<\/p>\n\n\n\n<p>Ante la contingencia, la Secretar\u00eda de Educaci\u00f3n P\u00fablica (SEP) opt\u00f3 por implementar el programa \u201cAprende en Casa\u201d, que tiene el objetivo de que el ciclo de aprendizaje de los ni\u00f1os y adolescentes que cursan la educaci\u00f3n preescolar, primaria y secundaria se lleve a cabo a distancia, desde sus hogares, por medio de la radio, la televisi\u00f3n y videollamadas por internet.<\/p>\n\n\n\n<p>El m\u00e9todo, sin embargo, fue criticado en Oaxaca debido a que aquellos medios de comunicaci\u00f3n no cuentan con cobertura en un amplio sector de las comunidades rurales.<\/p>\n","protected":false},"excerpt":{"rendered":"<p>Redacci\u00f3n\/Estado 20. Oaxaca de Ju\u00e1rez, Oax., 17 de enero de 2021.- Mientras el pasado lunes&hellip;<\/p>\n","protected":false},"author":2,"featured_media":12423,"comment_status":"closed","ping_status":"open","sticky":false,"template":"","format":"standard","meta":{"_lmt_disableupdate":"","_lmt_disable":"","_jetpack_memberships_contains_paid_content":false,"footnotes":""},"categories":[109,47],"tags":[312],"class_list":["post-22487","post","type-post","status-publish","format-standard","has-post-thumbnail","hentry","category-minuto-a-minuto","category-zona-gris","tag-seccion-22-del-snte"],"jetpack_featured_media_url":"https:\/\/zonaroja.com.mx\/wp-content\/uploads\/2020\/05\/Secci\u00f3n22.jpg","jetpack_sharing_enabled":true,"_links":{"self":[{"href":"https:\/\/zonaroja.com.mx\/index.php?rest_route=\/wp\/v2\/posts\/22487","targetHints":{"allow":["GET"]}}],"collection":[{"href":"https:\/\/zonaroja.com.mx\/index.php?rest_route=\/wp\/v2\/posts"}],"about":[{"href":"https:\/\/zonaroja.com.mx\/index.php?rest_route=\/wp\/v2\/types\/post"}],"author":[{"embeddable":true,"href":"https:\/\/zonaroja.com.mx\/index.php?rest_route=\/wp\/v2\/users\/2"}],"replies":[{"embeddable":true,"href":"https:\/\/zonaroja.com.mx\/index.php?rest_route=%2Fwp%2Fv2%2Fcomments&post=22487"}],"version-history":[{"count":3,"href":"https:\/\/zonaroja.com.mx\/index.php?rest_route=\/wp\/v2\/posts\/22487\/revisions"}],"predecessor-version":[{"id":22510,"href":"https:\/\/zonaroja.com.mx\/index.php?rest_route=\/wp\/v2\/posts\/22487\/revisions\/22510"}],"wp:featuredmedia":[{"embeddable":true,"href":"https:\/\/zonaroja.com.mx\/index.php?rest_route=\/wp\/v2\/media\/12423"}],"wp:attachment":[{"href":"https:\/\/zonaroja.com.mx\/index.php?rest_route=%2Fwp%2Fv2%2Fmedia&parent=22487"}],"wp:term":[{"taxonomy":"category","embeddable":true,"href":"https:\/\/zonaroja.com.mx\/index.php?rest_route=%2Fwp%2Fv2%2Fcategories&post=22487"},{"taxonomy":"post_tag","embeddable":true,"href":"https:\/\/zonaroja.com.mx\/index.php?rest_route=%2Fwp%2Fv2%2Ftags&post=22487"}],"curies":[{"name":"wp","href":"https:\/\/api.w.org\/{rel}","templated":true}]}}